{"id":20175,"date":"2026-08-28T17:58:00","date_gmt":"2026-08-28T13:58:00","guid":{"rendered":"https:\/\/eternos974.live\/?p=20175"},"modified":"2026-08-27T23:56:47","modified_gmt":"2026-08-27T19:56:47","slug":"meta-impose-des-restrictions-pour-les-mineurs-sur-instagram-et-facebook-aux-etats-unis","status":"publish","type":"post","link":"https:\/\/eternos974.live\/index.php\/2026\/08\/28\/meta-impose-des-restrictions-pour-les-mineurs-sur-instagram-et-facebook-aux-etats-unis\/","title":{"rendered":"Meta impose des restrictions pour les mineurs sur Instagram et Facebook aux \u00c9tats-Unis"},"content":{"rendered":"<p>Le proc\u00e8s historique entre Meta et les \u00c9tats-Unis a pris une tournure inattendue. Apr\u00e8s des ann\u00e9es de confrontation, la firme a accept\u00e9 de d\u00e9poser un ch\u00e8que de 16,7 milliards de dollars et de mettre en place des restrictions strictes pour les mineurs sur Instagram et Facebook. Une d\u00e9cision qui marque un tournant dans la r\u00e9gulation des g\u00e9ants du num\u00e9rique, mais qui soul\u00e8ve autant de questions que de certitudes.<\/p>\n<p>L&rsquo;accord, n\u00e9goci\u00e9 avec 48 des 50 \u00c9tats am\u00e9ricains, s&rsquo;inscrit dans un contexte troublant. Depuis 2021, les \u00ab Facebook Files \u00bb ont mis \u00e0 jour des documents internes r\u00e9v\u00e9lant que Meta \u00e9tait conscient des effets n\u00e9fastes de ses plateformes sur les adolescents. Ces r\u00e9v\u00e9lations, port\u00e9es par l&rsquo;ancienne ing\u00e9nieure Frances Haugen, ont d\u00e9clench\u00e9 une onde de choc. Le proc\u00e8s, qui a dur\u00e9 plusieurs ann\u00e9es, a mis en lumi\u00e8re des pratiques commerciales contestables, allant de la manipulation de l&rsquo;attention des jeunes \u00e0 la collecte de donn\u00e9es sensibles sur les moins de 13 ans.<\/p>\n<p>Les mesures concr\u00e8tes sont d\u00e9sormais en place. Les utilisateurs de moins de 18 ans ne pourront plus utiliser Instagram et Facebook apr\u00e8s minuit, et leur temps d&rsquo;utilisation cumul\u00e9 sur les deux applications sera limit\u00e9 \u00e0 deux heures par jour. Une restriction qui, selon Meta, vise \u00e0 \u00ab prot\u00e9ger les adolescents \u00bb, m\u00eame si la firme conteste toujours les accusations port\u00e9es contre elle. Les parents b\u00e9n\u00e9ficieront \u00e9galement de nouvelles options de contr\u00f4le, tandis que les notifications seront suspendues pendant les heures de classe. Une approche qui, selon les experts, pourrait ralentir la d\u00e9pendance \u00e0 ces plateformes, mais qui laisse ouverte la porte \u00e0 des d\u00e9bats sur l&rsquo;efficacit\u00e9 r\u00e9elle de ces mesures.<\/p>\n<p>L&rsquo;angle strat\u00e9gique de Meta est tout aussi int\u00e9ressant. En collaborant avec ses concurrents TikTok et YouTube pour g\u00e9n\u00e9raliser ces protections, la firme cherche \u00e0 cr\u00e9er un standard industriel. Un pari risqu\u00e9, car les adolescents restreints sur Instagram pourront toujours se tourner vers TikTok, un rival qui, lui, n&rsquo;a pas sign\u00e9 l&rsquo;accord. Deux \u00c9tats, le Nouveau-Mexique et la Floride, ont refus\u00e9 de s&rsquo;y plier, pr\u00e9f\u00e9rant poursuivre Meta en justice. En France, une loi similaire a \u00e9t\u00e9 censur\u00e9e par le Conseil constitutionnel, laissant le gouvernement fran\u00e7ais \u00e0 l&rsquo;initiative pour proposer un nouveau dispositif d&rsquo;ici 2027. La r\u00e9gulation num\u00e9rique semble donc \u00eatre une course contre la montre, o\u00f9 chaque pays cherche \u00e0 trouver un \u00e9quilibre entre innovation, libert\u00e9 et protection.<\/p>\n<p>Et si cette d\u00e9cision marque une victoire pour les r\u00e9gulateurs, elle ouvre aussi des questions d\u00e9rangeantes. Les restrictions impos\u00e9es \u00e0 Meta sont-elles suffisantes pour r\u00e9duire les risques psychologiques li\u00e9s aux r\u00e9seaux sociaux ? Les concurrents, comme TikTok, adopteront-ils des mesures similaires, ou profiteront-ils de cette ouverture pour accro\u00eetre leur audience ? La r\u00e9gulation des g\u00e9ants technologiques est-elle un combat \u00e0 mener \u00e0 l&rsquo;\u00e9chelle mondiale, ou restera-t-elle un jeu de dupes entre les \u00c9tats ? La r\u00e9ponse, comme souvent, d\u00e9pendra des choix faits par les acteurs en jeu \u2014 et des jeunes qui, en fin de compte, sont les premi\u00e8res victimes de ces enjeux.<\/p>\n<h2>Sources<\/h2>\n<ul>\n<li><a href=\"https:\/\/www.journaldugeek.com\/2026\/08\/27\/proces-historique-aux-us-meta-accepte-de-restreindre-instagram-et-facebook-pour-les-mineurs\/\" target=\"_blank\" rel=\"nofollow noopener\">Source 1<\/a><\/li>\n<\/ul>\n<p>\u00c0 tr\u00e8s vite sur <a href=\"https:\/\/eternos974.live\" target=\"_blank\" rel=\"noopener\"><strong>l\u2019EternoStation<\/strong><\/a>.<\/p>\n","protected":false},"excerpt":{"rendered":"<p>Meta accepte un accord de 16,7 milliards de dollars et des mesures restrictives pour prot\u00e9ger les mineurs sur ses r\u00e9seaux sociaux.<\/p>\n","protected":false},"author":1,"featured_media":20176,"comment_status":"open","ping_status":"open","sticky":false,"template":"","format":"standard","meta":{"_monsterinsights_skip_tracking":false,"cybocfi_hide_featured_image":"","_jetpack_newsletter_access":"","_jetpack_dont_email_post_to_subs":false,"_jetpack_newsletter_tier_id":0,"_jetpack_memberships_contains_paywalled_content":false,"_jetpack_feature_clip_id":0,"_jetpack_memberships_contains_paid_content":false,"footnotes":"","jetpack_post_was_ever_published":false},"categories":[393],"tags":[],"class_list":["post-20175","post","type-post","status-publish","format-standard","has-post-thumbnail","hentry","category-infos"],"aioseo_notices":[],"aioseo_head":"\n\t\t<!-- All in One SEO 5.0.0.1 - aioseo.com -->\n\t<meta name=\"description\" content=\"Meta accepte un accord de 16,7 milliards de dollars et des mesures restrictives pour prot\u00e9ger les mineurs sur ses r\u00e9seaux sociaux.\" \/>\n\t<meta name=\"robots\" content=\"max-image-preview:large\" \/>\n\t<meta name=\"author\" content=\"eternos974\"\/>\n\t<link rel=\"canonical\" href=\"https:\/\/eternos974.live\/index.php\/2026\/08\/28\/meta-impose-des-restrictions-pour-les-mineurs-sur-instagram-et-facebook-aux-etats-unis\/\" \/>\n\t<meta name=\"generator\" content=\"All in One SEO (AIOSEO) 5.0.0.1\" \/>\n\t\t<meta property=\"og:locale\" content=\"fr_FR\" \/>\n\t\t<meta property=\"og:site_name\" content=\"L&#039;EternoStation - LIVE, CHILL &amp; FUN\" \/>\n\t\t<meta property=\"og:type\" content=\"article\" \/>\n\t\t<meta property=\"og:title\" content=\"Meta impose des restrictions pour les mineurs sur Instagram et Facebook aux \u00c9tats-Unis - L&#039;EternoStation\" \/>\n\t\t<meta property=\"og:description\" content=\"Meta accepte un accord de 16,7 milliards de dollars et des mesures restrictives pour prot\u00e9ger les mineurs sur ses r\u00e9seaux sociaux.\" \/>\n\t\t<meta property=\"og:url\" content=\"https:\/\/eternos974.live\/index.php\/2026\/08\/28\/meta-impose-des-restrictions-pour-les-mineurs-sur-instagram-et-facebook-aux-etats-unis\/\" \/>\n\t\t<meta property=\"article:published_time\" content=\"2026-08-28T13:58:00+00:00\" \/>\n\t\t<meta property=\"article:modified_time\" content=\"2026-08-27T19:56:47+00:00\" \/>\n\t\t<meta name=\"twitter:card\" content=\"summary_large_image\" \/>\n\t\t<meta name=\"twitter:title\" content=\"Meta impose des restrictions pour les mineurs sur Instagram et Facebook aux \u00c9tats-Unis - L&#039;EternoStation\" \/>\n\t\t<meta name=\"twitter:description\" content=\"Meta accepte un accord de 16,7 milliards de dollars et des mesures restrictives pour prot\u00e9ger les mineurs sur ses r\u00e9seaux sociaux.\" \/>\n\t\t<script type=\"application\/ld+json\" class=\"aioseo-schema\">\n\t\t\t{\"@context\":\"https:\\\/\\\/schema.org\",\"@graph\":[{\"@type\":\"BlogPosting\",\"@id\":\"https:\\\/\\\/eternos974.live\\\/index.php\\\/2026\\\/08\\\/28\\\/meta-impose-des-restrictions-pour-les-mineurs-sur-instagram-et-facebook-aux-etats-unis\\\/#blogposting\",\"name\":\"Meta impose des restrictions pour les mineurs sur Instagram et Facebook aux \\u00c9tats-Unis - L'EternoStation\",\"headline\":\"Meta impose des restrictions pour les mineurs sur Instagram et Facebook aux \\u00c9tats-Unis\",\"author\":{\"@id\":\"https:\\\/\\\/eternos974.live\\\/index.php\\\/author\\\/eternos974\\\/#author\"},\"publisher\":{\"@id\":\"https:\\\/\\\/eternos974.live\\\/#organization\"},\"image\":{\"@type\":\"ImageObject\",\"url\":\"https:\\\/\\\/i0.wp.com\\\/eternos974.live\\\/wp-content\\\/uploads\\\/2026\\\/08\\\/blocage-facebook-mineurs-1280x853-1.jpg?fit=1280%2C853&ssl=1\",\"width\":1280,\"height\":853},\"datePublished\":\"2026-08-28T17:58:00+04:00\",\"dateModified\":\"2026-08-27T23:56:47+04:00\",\"inLanguage\":\"fr-FR\",\"mainEntityOfPage\":{\"@id\":\"https:\\\/\\\/eternos974.live\\\/index.php\\\/2026\\\/08\\\/28\\\/meta-impose-des-restrictions-pour-les-mineurs-sur-instagram-et-facebook-aux-etats-unis\\\/#webpage\"},\"isPartOf\":{\"@id\":\"https:\\\/\\\/eternos974.live\\\/index.php\\\/2026\\\/08\\\/28\\\/meta-impose-des-restrictions-pour-les-mineurs-sur-instagram-et-facebook-aux-etats-unis\\\/#webpage\"},\"articleSection\":\"infos\"},{\"@type\":\"BreadcrumbList\",\"@id\":\"https:\\\/\\\/eternos974.live\\\/index.php\\\/2026\\\/08\\\/28\\\/meta-impose-des-restrictions-pour-les-mineurs-sur-instagram-et-facebook-aux-etats-unis\\\/#breadcrumblist\",\"itemListElement\":[{\"@type\":\"ListItem\",\"@id\":\"https:\\\/\\\/eternos974.live#listItem\",\"position\":1,\"name\":\"Domicile\",\"item\":\"https:\\\/\\\/eternos974.live\",\"nextItem\":{\"@type\":\"ListItem\",\"@id\":\"https:\\\/\\\/eternos974.live\\\/index.php\\\/category\\\/infos\\\/#listItem\",\"name\":\"infos\"}},{\"@type\":\"ListItem\",\"@id\":\"https:\\\/\\\/eternos974.live\\\/index.php\\\/category\\\/infos\\\/#listItem\",\"position\":2,\"name\":\"infos\",\"item\":\"https:\\\/\\\/eternos974.live\\\/index.php\\\/category\\\/infos\\\/\",\"nextItem\":{\"@type\":\"ListItem\",\"@id\":\"https:\\\/\\\/eternos974.live\\\/index.php\\\/2026\\\/08\\\/28\\\/meta-impose-des-restrictions-pour-les-mineurs-sur-instagram-et-facebook-aux-etats-unis\\\/#listItem\",\"name\":\"Meta impose des restrictions pour les mineurs sur Instagram et Facebook aux \\u00c9tats-Unis\"},\"previousItem\":{\"@type\":\"ListItem\",\"@id\":\"https:\\\/\\\/eternos974.live#listItem\",\"name\":\"Domicile\"}},{\"@type\":\"ListItem\",\"@id\":\"https:\\\/\\\/eternos974.live\\\/index.php\\\/2026\\\/08\\\/28\\\/meta-impose-des-restrictions-pour-les-mineurs-sur-instagram-et-facebook-aux-etats-unis\\\/#listItem\",\"position\":3,\"name\":\"Meta impose des restrictions pour les mineurs sur Instagram et Facebook aux \\u00c9tats-Unis\",\"previousItem\":{\"@type\":\"ListItem\",\"@id\":\"https:\\\/\\\/eternos974.live\\\/index.php\\\/category\\\/infos\\\/#listItem\",\"name\":\"infos\"}}]},{\"@type\":\"Organization\",\"@id\":\"https:\\\/\\\/eternos974.live\\\/#organization\",\"name\":\"L'EternoStation\",\"description\":\"LIVE, CHILL & FUN\",\"url\":\"https:\\\/\\\/eternos974.live\\\/\"},{\"@type\":\"Person\",\"@id\":\"https:\\\/\\\/eternos974.live\\\/index.php\\\/author\\\/eternos974\\\/#author\",\"url\":\"https:\\\/\\\/eternos974.live\\\/index.php\\\/author\\\/eternos974\\\/\",\"name\":\"eternos974\",\"image\":{\"@type\":\"ImageObject\",\"@id\":\"https:\\\/\\\/eternos974.live\\\/index.php\\\/2026\\\/08\\\/28\\\/meta-impose-des-restrictions-pour-les-mineurs-sur-instagram-et-facebook-aux-etats-unis\\\/#authorImage\",\"url\":\"https:\\\/\\\/secure.gravatar.com\\\/avatar\\\/f7141af684a779babd9913ea86616250a147cbdf2bd354aa007f434fc4dc1aff?s=96&d=mm&r=g\",\"width\":96,\"height\":96,\"caption\":\"eternos974\"}},{\"@type\":\"WebPage\",\"@id\":\"https:\\\/\\\/eternos974.live\\\/index.php\\\/2026\\\/08\\\/28\\\/meta-impose-des-restrictions-pour-les-mineurs-sur-instagram-et-facebook-aux-etats-unis\\\/#webpage\",\"url\":\"https:\\\/\\\/eternos974.live\\\/index.php\\\/2026\\\/08\\\/28\\\/meta-impose-des-restrictions-pour-les-mineurs-sur-instagram-et-facebook-aux-etats-unis\\\/\",\"name\":\"Meta impose des restrictions pour les mineurs sur Instagram et Facebook aux \\u00c9tats-Unis - L'EternoStation\",\"description\":\"Meta accepte un accord de 16,7 milliards de dollars et des mesures restrictives pour prot\\u00e9ger les mineurs sur ses r\\u00e9seaux sociaux.\",\"inLanguage\":\"fr-FR\",\"isPartOf\":{\"@id\":\"https:\\\/\\\/eternos974.live\\\/#website\"},\"breadcrumb\":{\"@id\":\"https:\\\/\\\/eternos974.live\\\/index.php\\\/2026\\\/08\\\/28\\\/meta-impose-des-restrictions-pour-les-mineurs-sur-instagram-et-facebook-aux-etats-unis\\\/#breadcrumblist\"},\"author\":{\"@id\":\"https:\\\/\\\/eternos974.live\\\/index.php\\\/author\\\/eternos974\\\/#author\"},\"creator\":{\"@id\":\"https:\\\/\\\/eternos974.live\\\/index.php\\\/author\\\/eternos974\\\/#author\"},\"image\":{\"@type\":\"ImageObject\",\"url\":\"https:\\\/\\\/i0.wp.com\\\/eternos974.live\\\/wp-content\\\/uploads\\\/2026\\\/08\\\/blocage-facebook-mineurs-1280x853-1.jpg?fit=1280%2C853&ssl=1\",\"@id\":\"https:\\\/\\\/eternos974.live\\\/index.php\\\/2026\\\/08\\\/28\\\/meta-impose-des-restrictions-pour-les-mineurs-sur-instagram-et-facebook-aux-etats-unis\\\/#mainImage\",\"width\":1280,\"height\":853},\"primaryImageOfPage\":{\"@id\":\"https:\\\/\\\/eternos974.live\\\/index.php\\\/2026\\\/08\\\/28\\\/meta-impose-des-restrictions-pour-les-mineurs-sur-instagram-et-facebook-aux-etats-unis\\\/#mainImage\"},\"datePublished\":\"2026-08-28T17:58:00+04:00\",\"dateModified\":\"2026-08-27T23:56:47+04:00\"},{\"@type\":\"WebSite\",\"@id\":\"https:\\\/\\\/eternos974.live\\\/#website\",\"url\":\"https:\\\/\\\/eternos974.live\\\/\",\"name\":\"L'EternoStation\",\"description\":\"LIVE, CHILL & FUN\",\"inLanguage\":\"fr-FR\",\"publisher\":{\"@id\":\"https:\\\/\\\/eternos974.live\\\/#organization\"}}]}\n\t\t<\/script>\n\t\t<!-- All in One SEO -->\n\n","aioseo_head_json":{"title":"Meta impose des restrictions pour les mineurs sur Instagram et Facebook aux \u00c9tats-Unis - L'EternoStation","description":"Meta accepte un accord de 16,7 milliards de dollars et des mesures restrictives pour prot\u00e9ger les mineurs sur ses r\u00e9seaux sociaux.","canonical_url":"https:\/\/eternos974.live\/index.php\/2026\/08\/28\/meta-impose-des-restrictions-pour-les-mineurs-sur-instagram-et-facebook-aux-etats-unis\/","robots":"max-image-preview:large","keywords":"","webmasterTools":{"miscellaneous":""},"schema":{"@context":"https:\/\/schema.org","@graph":[{"@type":"BlogPosting","@id":"https:\/\/eternos974.live\/index.php\/2026\/08\/28\/meta-impose-des-restrictions-pour-les-mineurs-sur-instagram-et-facebook-aux-etats-unis\/#blogposting","name":"Meta impose des restrictions pour les mineurs sur Instagram et Facebook aux \u00c9tats-Unis - L'EternoStation","headline":"Meta impose des restrictions pour les mineurs sur Instagram et Facebook aux \u00c9tats-Unis","author":{"@id":"https:\/\/eternos974.live\/index.php\/author\/eternos974\/#author"},"publisher":{"@id":"https:\/\/eternos974.live\/#organization"},"image":{"@type":"ImageObject","url":"https:\/\/i0.wp.com\/eternos974.live\/wp-content\/uploads\/2026\/08\/blocage-facebook-mineurs-1280x853-1.jpg?fit=1280%2C853&ssl=1","width":1280,"height":853},"datePublished":"2026-08-28T17:58:00+04:00","dateModified":"2026-08-27T23:56:47+04:00","inLanguage":"fr-FR","mainEntityOfPage":{"@id":"https:\/\/eternos974.live\/index.php\/2026\/08\/28\/meta-impose-des-restrictions-pour-les-mineurs-sur-instagram-et-facebook-aux-etats-unis\/#webpage"},"isPartOf":{"@id":"https:\/\/eternos974.live\/index.php\/2026\/08\/28\/meta-impose-des-restrictions-pour-les-mineurs-sur-instagram-et-facebook-aux-etats-unis\/#webpage"},"articleSection":"infos"},{"@type":"BreadcrumbList","@id":"https:\/\/eternos974.live\/index.php\/2026\/08\/28\/meta-impose-des-restrictions-pour-les-mineurs-sur-instagram-et-facebook-aux-etats-unis\/#breadcrumblist","itemListElement":[{"@type":"ListItem","@id":"https:\/\/eternos974.live#listItem","position":1,"name":"Domicile","item":"https:\/\/eternos974.live","nextItem":{"@type":"ListItem","@id":"https:\/\/eternos974.live\/index.php\/category\/infos\/#listItem","name":"infos"}},{"@type":"ListItem","@id":"https:\/\/eternos974.live\/index.php\/category\/infos\/#listItem","position":2,"name":"infos","item":"https:\/\/eternos974.live\/index.php\/category\/infos\/","nextItem":{"@type":"ListItem","@id":"https:\/\/eternos974.live\/index.php\/2026\/08\/28\/meta-impose-des-restrictions-pour-les-mineurs-sur-instagram-et-facebook-aux-etats-unis\/#listItem","name":"Meta impose des restrictions pour les mineurs sur Instagram et Facebook aux \u00c9tats-Unis"},"previousItem":{"@type":"ListItem","@id":"https:\/\/eternos974.live#listItem","name":"Domicile"}},{"@type":"ListItem","@id":"https:\/\/eternos974.live\/index.php\/2026\/08\/28\/meta-impose-des-restrictions-pour-les-mineurs-sur-instagram-et-facebook-aux-etats-unis\/#listItem","position":3,"name":"Meta impose des restrictions pour les mineurs sur Instagram et Facebook aux \u00c9tats-Unis","previousItem":{"@type":"ListItem","@id":"https:\/\/eternos974.live\/index.php\/category\/infos\/#listItem","name":"infos"}}]},{"@type":"Organization","@id":"https:\/\/eternos974.live\/#organization","name":"L'EternoStation","description":"LIVE, CHILL & FUN","url":"https:\/\/eternos974.live\/"},{"@type":"Person","@id":"https:\/\/eternos974.live\/index.php\/author\/eternos974\/#author","url":"https:\/\/eternos974.live\/index.php\/author\/eternos974\/","name":"eternos974","image":{"@type":"ImageObject","@id":"https:\/\/eternos974.live\/index.php\/2026\/08\/28\/meta-impose-des-restrictions-pour-les-mineurs-sur-instagram-et-facebook-aux-etats-unis\/#authorImage","url":"https:\/\/secure.gravatar.com\/avatar\/f7141af684a779babd9913ea86616250a147cbdf2bd354aa007f434fc4dc1aff?s=96&d=mm&r=g","width":96,"height":96,"caption":"eternos974"}},{"@type":"WebPage","@id":"https:\/\/eternos974.live\/index.php\/2026\/08\/28\/meta-impose-des-restrictions-pour-les-mineurs-sur-instagram-et-facebook-aux-etats-unis\/#webpage","url":"https:\/\/eternos974.live\/index.php\/2026\/08\/28\/meta-impose-des-restrictions-pour-les-mineurs-sur-instagram-et-facebook-aux-etats-unis\/","name":"Meta impose des restrictions pour les mineurs sur Instagram et Facebook aux \u00c9tats-Unis - L'EternoStation","description":"Meta accepte un accord de 16,7 milliards de dollars et des mesures restrictives pour prot\u00e9ger les mineurs sur ses r\u00e9seaux sociaux.","inLanguage":"fr-FR","isPartOf":{"@id":"https:\/\/eternos974.live\/#website"},"breadcrumb":{"@id":"https:\/\/eternos974.live\/index.php\/2026\/08\/28\/meta-impose-des-restrictions-pour-les-mineurs-sur-instagram-et-facebook-aux-etats-unis\/#breadcrumblist"},"author":{"@id":"https:\/\/eternos974.live\/index.php\/author\/eternos974\/#author"},"creator":{"@id":"https:\/\/eternos974.live\/index.php\/author\/eternos974\/#author"},"image":{"@type":"ImageObject","url":"https:\/\/i0.wp.com\/eternos974.live\/wp-content\/uploads\/2026\/08\/blocage-facebook-mineurs-1280x853-1.jpg?fit=1280%2C853&ssl=1","@id":"https:\/\/eternos974.live\/index.php\/2026\/08\/28\/meta-impose-des-restrictions-pour-les-mineurs-sur-instagram-et-facebook-aux-etats-unis\/#mainImage","width":1280,"height":853},"primaryImageOfPage":{"@id":"https:\/\/eternos974.live\/index.php\/2026\/08\/28\/meta-impose-des-restrictions-pour-les-mineurs-sur-instagram-et-facebook-aux-etats-unis\/#mainImage"},"datePublished":"2026-08-28T17:58:00+04:00","dateModified":"2026-08-27T23:56:47+04:00"},{"@type":"WebSite","@id":"https:\/\/eternos974.live\/#website","url":"https:\/\/eternos974.live\/","name":"L'EternoStation","description":"LIVE, CHILL & FUN","inLanguage":"fr-FR","publisher":{"@id":"https:\/\/eternos974.live\/#organization"}}]},"og:locale":"fr_FR","og:site_name":"L'EternoStation - LIVE, CHILL &amp; FUN","og:type":"article","og:title":"Meta impose des restrictions pour les mineurs sur Instagram et Facebook aux \u00c9tats-Unis - L'EternoStation","og:description":"Meta accepte un accord de 16,7 milliards de dollars et des mesures restrictives pour prot\u00e9ger les mineurs sur ses r\u00e9seaux sociaux.","og:url":"https:\/\/eternos974.live\/index.php\/2026\/08\/28\/meta-impose-des-restrictions-pour-les-mineurs-sur-instagram-et-facebook-aux-etats-unis\/","article:published_time":"2026-08-28T13:58:00+00:00","article:modified_time":"2026-08-27T19:56:47+00:00","twitter:card":"summary_large_image","twitter:title":"Meta impose des restrictions pour les mineurs sur Instagram et Facebook aux \u00c9tats-Unis - L'EternoStation","twitter:description":"Meta accepte un accord de 16,7 milliards de dollars et des mesures restrictives pour prot\u00e9ger les mineurs sur ses r\u00e9seaux sociaux."},"aioseo_meta_data":{"post_id":"20175","title":null,"description":null,"keywords":null,"keyphrases":null,"primary_term":null,"canonical_url":null,"og_title":null,"og_description":null,"og_object_type":"default","og_image_type":"default","og_image_url":null,"og_image_width":null,"og_image_height":null,"og_image_custom_url":null,"og_image_custom_fields":null,"og_video":null,"og_custom_url":null,"og_article_section":null,"og_article_tags":null,"twitter_use_og":false,"twitter_card":"default","twitter_image_type":"default","twitter_image_url":null,"twitter_image_custom_url":null,"twitter_image_custom_fields":null,"twitter_title":null,"twitter_description":null,"schema":{"blockGraphs":[],"customGraphs":[],"default":{"data":{"Article":[],"Course":[],"Dataset":[],"FAQPage":[],"Movie":[],"Person":[],"Product":[],"ProductReview":[],"Car":[],"Recipe":[],"Service":[],"SoftwareApplication":[],"WebPage":[]},"graphName":"","isEnabled":true},"graphs":[]},"schema_type":"default","schema_type_options":null,"pillar_content":false,"robots_default":true,"robots_noindex":false,"robots_noarchive":false,"robots_nosnippet":false,"robots_nofollow":false,"robots_noimageindex":false,"robots_noodp":false,"robots_notranslate":false,"robots_max_snippet":null,"robots_max_videopreview":null,"robots_max_imagepreview":"large","priority":null,"frequency":null,"local_seo":null,"breadcrumb_settings":null,"limit_modified_date":false,"ai":null,"created":"2026-08-28 14:50:35","updated":"2026-08-28 14:50:35","seo_analyzer_scan_date":null,"focus_keyword":null,"additional_keywords":null,"truseo_locale":null},"aioseo_breadcrumb":"<div class=\"aioseo-breadcrumbs\"><span class=\"aioseo-breadcrumb\">\n\t\t\t<a href=\"https:\/\/eternos974.live\" title=\"Domicile\">Domicile<\/a>\n\t\t<\/span><span class=\"aioseo-breadcrumb-separator\">&raquo;<\/span><span class=\"aioseo-breadcrumb\">\n\t\t\t<a href=\"https:\/\/eternos974.live\/index.php\/category\/infos\/\" title=\"infos\">infos<\/a>\n\t\t<\/span><span class=\"aioseo-breadcrumb-separator\">&raquo;<\/span><span class=\"aioseo-breadcrumb\">\n\t\t\tMeta impose des restrictions pour les mineurs sur Instagram et Facebook aux \u00c9tats-Unis\n\t\t<\/span><\/div>","aioseo_breadcrumb_json":[{"label":"Domicile","link":"https:\/\/eternos974.live"},{"label":"infos","link":"https:\/\/eternos974.live\/index.php\/category\/infos\/"},{"label":"Meta impose des restrictions pour les mineurs sur Instagram et Facebook aux \u00c9tats-Unis","link":"https:\/\/eternos974.live\/index.php\/2026\/08\/28\/meta-impose-des-restrictions-pour-les-mineurs-sur-instagram-et-facebook-aux-etats-unis\/"}],"jetpack_featured_media_url":"https:\/\/i0.wp.com\/eternos974.live\/wp-content\/uploads\/2026\/08\/blocage-facebook-mineurs-1280x853-1.jpg?fit=1280%2C853&ssl=1","jetpack-related-posts":[],"jetpack_sharing_enabled":true,"_links":{"self":[{"href":"https:\/\/eternos974.live\/index.php\/wp-json\/wp\/v2\/posts\/20175","targetHints":{"allow":["GET"]}}],"collection":[{"href":"https:\/\/eternos974.live\/index.php\/wp-json\/wp\/v2\/posts"}],"about":[{"href":"https:\/\/eternos974.live\/index.php\/wp-json\/wp\/v2\/types\/post"}],"author":[{"embeddable":true,"href":"https:\/\/eternos974.live\/index.php\/wp-json\/wp\/v2\/users\/1"}],"replies":[{"embeddable":true,"href":"https:\/\/eternos974.live\/index.php\/wp-json\/wp\/v2\/comments?post=20175"}],"version-history":[{"count":1,"href":"https:\/\/eternos974.live\/index.php\/wp-json\/wp\/v2\/posts\/20175\/revisions"}],"predecessor-version":[{"id":20177,"href":"https:\/\/eternos974.live\/index.php\/wp-json\/wp\/v2\/posts\/20175\/revisions\/20177"}],"wp:featuredmedia":[{"embeddable":true,"href":"https:\/\/eternos974.live\/index.php\/wp-json\/wp\/v2\/media\/20176"}],"wp:attachment":[{"href":"https:\/\/eternos974.live\/index.php\/wp-json\/wp\/v2\/media?parent=20175"}],"wp:term":[{"taxonomy":"category","embeddable":true,"href":"https:\/\/eternos974.live\/index.php\/wp-json\/wp\/v2\/categories?post=20175"},{"taxonomy":"post_tag","embeddable":true,"href":"https:\/\/eternos974.live\/index.php\/wp-json\/wp\/v2\/tags?post=20175"}],"curies":[{"name":"wp","href":"https:\/\/api.w.org\/{rel}","templated":true}]}}