{"id":20178,"date":"2026-08-28T19:26:00","date_gmt":"2026-08-28T15:26:00","guid":{"rendered":"https:\/\/eternos974.live\/?p=20178"},"modified":"2026-08-27T23:57:10","modified_gmt":"2026-08-27T19:57:10","slug":"fuite-de-donnees-chez-e-leclerc-un-prestataire-logistique-en-cause","status":"publish","type":"post","link":"https:\/\/eternos974.live\/index.php\/2026\/08\/28\/fuite-de-donnees-chez-e-leclerc-un-prestataire-logistique-en-cause\/","title":{"rendered":"Fuite de donn\u00e9es chez E.Leclerc : un prestataire logistique en cause"},"content":{"rendered":"<p>Dans un contexte o\u00f9 les cyberattaques deviennent de plus en plus fr\u00e9quentes en France, E.Leclerc vient de r\u00e9v\u00e9ler une nouvelle fuite de donn\u00e9es li\u00e9e \u00e0 un prestataire logistique. Cette fois, ce n\u2019est pas directement le syst\u00e8me de l\u2019enseigne qui a \u00e9t\u00e9 pirat\u00e9, mais celui d\u2019un partenaire externe, dont l\u2019identit\u00e9 reste inconnue. Les donn\u00e9es expos\u00e9es comprennent des noms, pr\u00e9noms, e-mails et num\u00e9ros de t\u00e9l\u00e9phone de certains clients, sans compromettre d\u2019informations bancaires ou de mots de passe. Un rappel brutal de la vuln\u00e9rabilit\u00e9 des cha\u00eenes d\u2019approvisionnement num\u00e9riques, m\u00eame pour des g\u00e9ants du retail.<\/p>\n<p>LCommerce, la soci\u00e9t\u00e9 derri\u00e8re Allo E.Leclerc, a imm\u00e9diatement inform\u00e9 la CNIL, conform\u00e9ment \u00e0 la r\u00e9glementation fran\u00e7aise sur la protection des donn\u00e9es. Cependant, les d\u00e9tails restent flous : la date exacte de l\u2019attaque, le nombre de personnes concern\u00e9es et le volume de donn\u00e9es expos\u00e9es ne sont pas divulgu\u00e9s. Cette opacit\u00e9 alimente la m\u00e9fiance des consommateurs, qui se demandent pourquoi un prestataire tiers, souvent consid\u00e9r\u00e9 comme un maillon faible, est devenu le point de d\u00e9part d\u2019un incident majeur. Les experts soulignent que les fournisseurs externes, malgr\u00e9 leur r\u00f4le secondaire, sont souvent n\u00e9glig\u00e9s dans les strat\u00e9gies de cybers\u00e9curit\u00e9, un risque que les entreprises doivent absolument corriger.<\/p>\n<p>Cette fuite s\u2019inscrit dans une tendance alarmante : la France a connu 43,4 millions de comptes compromis au premier semestre 2026, un record qui place le pays en t\u00eate de l\u2019Europe pour la cybercriminalit\u00e9. E.Leclerc n\u2019est pas \u00e9tranger \u00e0 cette spirale : il s\u2019agit du deuxi\u00e8me incident en moins de deux ans. L\u2019an dernier, un piratage avait touch\u00e9 le programme Primes \u00e9nergie, exposant des donn\u00e9es sensibles. Ces r\u00e9p\u00e9titions soul\u00e8vent des questions sur la capacit\u00e9 de l\u2019entreprise \u00e0 renforcer ses mesures de protection, notamment envers ses partenaires logistiques.<\/p>\n<p>Pour les clients, la recommandation est claire : restez vigilants face \u00e0 toute communication suspecte. Les cybercriminels pourraient utiliser les donn\u00e9es expos\u00e9es pour imiter des services de livraison ou des employ\u00e9s d\u2019E.Leclerc. Changer r\u00e9guli\u00e8rement ses mots de passe, activer les alertes bancaires et \u00e9viter de cliquer sur des liens douteux sont des gestes simples mais essentiels. Enfin, cette affaire rappelle que la cybers\u00e9curit\u00e9 ne concerne pas seulement les grandes entreprises, mais aussi les utilisateurs finaux. Alors que les attaques deviennent plus sophistiqu\u00e9es, rester inform\u00e9 est la meilleure arme contre les risques num\u00e9riques.<\/p>\n<h2>Sources<\/h2>\n<ul>\n<li><a href=\"https:\/\/www.01net.com\/actualites\/cyberattaque-e-leclerc-fuite-expose-donnees-clients.html\" target=\"_blank\" rel=\"nofollow noopener\">Source 1<\/a><\/li>\n<\/ul>\n<p>\u00c0 tr\u00e8s vite sur <a href=\"https:\/\/eternos974.live\" target=\"_blank\" rel=\"noopener\"><strong>l\u2019EternoStation<\/strong><\/a>.<\/p>\n","protected":false},"excerpt":{"rendered":"<p>D\u00e9couvrez les d\u00e9tails de la cyberattaque r\u00e9v\u00e9l\u00e9e par E.Leclerc, li\u00e9e \u00e0 un prestataire logistique et ses cons\u00e9quences pour les clients.<\/p>\n","protected":false},"author":1,"featured_media":20179,"comment_status":"open","ping_status":"open","sticky":false,"template":"","format":"standard","meta":{"_monsterinsights_skip_tracking":false,"cybocfi_hide_featured_image":"","_jetpack_newsletter_access":"","_jetpack_dont_email_post_to_subs":false,"_jetpack_newsletter_tier_id":0,"_jetpack_memberships_contains_paywalled_content":false,"_jetpack_feature_clip_id":0,"_jetpack_memberships_contains_paid_content":false,"footnotes":"","jetpack_post_was_ever_published":false},"categories":[393],"tags":[],"class_list":["post-20178","post","type-post","status-publish","format-standard","has-post-thumbnail","hentry","category-infos"],"aioseo_notices":[],"aioseo_head":"\n\t\t<!-- All in One SEO 5.0.0.1 - aioseo.com -->\n\t<meta name=\"description\" content=\"D\u00e9couvrez les d\u00e9tails de la cyberattaque r\u00e9v\u00e9l\u00e9e par E.Leclerc, li\u00e9e \u00e0 un prestataire logistique et ses cons\u00e9quences pour les clients.\" \/>\n\t<meta name=\"robots\" content=\"max-image-preview:large\" \/>\n\t<meta name=\"author\" content=\"eternos974\"\/>\n\t<link rel=\"canonical\" href=\"https:\/\/eternos974.live\/index.php\/2026\/08\/28\/fuite-de-donnees-chez-e-leclerc-un-prestataire-logistique-en-cause\/\" \/>\n\t<meta name=\"generator\" content=\"All in One SEO (AIOSEO) 5.0.0.1\" \/>\n\t\t<meta property=\"og:locale\" content=\"fr_FR\" \/>\n\t\t<meta property=\"og:site_name\" content=\"L&#039;EternoStation - LIVE, CHILL &amp; FUN\" \/>\n\t\t<meta property=\"og:type\" content=\"article\" \/>\n\t\t<meta property=\"og:title\" content=\"Fuite de donn\u00e9es chez E.Leclerc : un prestataire logistique en cause - L&#039;EternoStation\" \/>\n\t\t<meta property=\"og:description\" content=\"D\u00e9couvrez les d\u00e9tails de la cyberattaque r\u00e9v\u00e9l\u00e9e par E.Leclerc, li\u00e9e \u00e0 un prestataire logistique et ses cons\u00e9quences pour les clients.\" \/>\n\t\t<meta property=\"og:url\" content=\"https:\/\/eternos974.live\/index.php\/2026\/08\/28\/fuite-de-donnees-chez-e-leclerc-un-prestataire-logistique-en-cause\/\" \/>\n\t\t<meta property=\"article:published_time\" content=\"2026-08-28T15:26:00+00:00\" \/>\n\t\t<meta property=\"article:modified_time\" content=\"2026-08-27T19:57:10+00:00\" \/>\n\t\t<meta name=\"twitter:card\" content=\"summary_large_image\" \/>\n\t\t<meta name=\"twitter:title\" content=\"Fuite de donn\u00e9es chez E.Leclerc : un prestataire logistique en cause - L&#039;EternoStation\" \/>\n\t\t<meta name=\"twitter:description\" content=\"D\u00e9couvrez les d\u00e9tails de la cyberattaque r\u00e9v\u00e9l\u00e9e par E.Leclerc, li\u00e9e \u00e0 un prestataire logistique et ses cons\u00e9quences pour les clients.\" \/>\n\t\t<script type=\"application\/ld+json\" class=\"aioseo-schema\">\n\t\t\t{\"@context\":\"https:\\\/\\\/schema.org\",\"@graph\":[{\"@type\":\"BlogPosting\",\"@id\":\"https:\\\/\\\/eternos974.live\\\/index.php\\\/2026\\\/08\\\/28\\\/fuite-de-donnees-chez-e-leclerc-un-prestataire-logistique-en-cause\\\/#blogposting\",\"name\":\"Fuite de donn\\u00e9es chez E.Leclerc : un prestataire logistique en cause - L'EternoStation\",\"headline\":\"Fuite de donn\\u00e9es chez E.Leclerc : un prestataire logistique en cause\",\"author\":{\"@id\":\"https:\\\/\\\/eternos974.live\\\/index.php\\\/author\\\/eternos974\\\/#author\"},\"publisher\":{\"@id\":\"https:\\\/\\\/eternos974.live\\\/#organization\"},\"image\":{\"@type\":\"ImageObject\",\"url\":\"https:\\\/\\\/i0.wp.com\\\/eternos974.live\\\/wp-content\\\/uploads\\\/2026\\\/08\\\/logo-leclerc-01net-1344x896-1.jpg?fit=1344%2C896&ssl=1\",\"width\":1344,\"height\":896},\"datePublished\":\"2026-08-28T19:26:00+04:00\",\"dateModified\":\"2026-08-27T23:57:10+04:00\",\"inLanguage\":\"fr-FR\",\"mainEntityOfPage\":{\"@id\":\"https:\\\/\\\/eternos974.live\\\/index.php\\\/2026\\\/08\\\/28\\\/fuite-de-donnees-chez-e-leclerc-un-prestataire-logistique-en-cause\\\/#webpage\"},\"isPartOf\":{\"@id\":\"https:\\\/\\\/eternos974.live\\\/index.php\\\/2026\\\/08\\\/28\\\/fuite-de-donnees-chez-e-leclerc-un-prestataire-logistique-en-cause\\\/#webpage\"},\"articleSection\":\"infos\"},{\"@type\":\"BreadcrumbList\",\"@id\":\"https:\\\/\\\/eternos974.live\\\/index.php\\\/2026\\\/08\\\/28\\\/fuite-de-donnees-chez-e-leclerc-un-prestataire-logistique-en-cause\\\/#breadcrumblist\",\"itemListElement\":[{\"@type\":\"ListItem\",\"@id\":\"https:\\\/\\\/eternos974.live#listItem\",\"position\":1,\"name\":\"Domicile\",\"item\":\"https:\\\/\\\/eternos974.live\",\"nextItem\":{\"@type\":\"ListItem\",\"@id\":\"https:\\\/\\\/eternos974.live\\\/index.php\\\/category\\\/infos\\\/#listItem\",\"name\":\"infos\"}},{\"@type\":\"ListItem\",\"@id\":\"https:\\\/\\\/eternos974.live\\\/index.php\\\/category\\\/infos\\\/#listItem\",\"position\":2,\"name\":\"infos\",\"item\":\"https:\\\/\\\/eternos974.live\\\/index.php\\\/category\\\/infos\\\/\",\"nextItem\":{\"@type\":\"ListItem\",\"@id\":\"https:\\\/\\\/eternos974.live\\\/index.php\\\/2026\\\/08\\\/28\\\/fuite-de-donnees-chez-e-leclerc-un-prestataire-logistique-en-cause\\\/#listItem\",\"name\":\"Fuite de donn\\u00e9es chez E.Leclerc : un prestataire logistique en cause\"},\"previousItem\":{\"@type\":\"ListItem\",\"@id\":\"https:\\\/\\\/eternos974.live#listItem\",\"name\":\"Domicile\"}},{\"@type\":\"ListItem\",\"@id\":\"https:\\\/\\\/eternos974.live\\\/index.php\\\/2026\\\/08\\\/28\\\/fuite-de-donnees-chez-e-leclerc-un-prestataire-logistique-en-cause\\\/#listItem\",\"position\":3,\"name\":\"Fuite de donn\\u00e9es chez E.Leclerc : un prestataire logistique en cause\",\"previousItem\":{\"@type\":\"ListItem\",\"@id\":\"https:\\\/\\\/eternos974.live\\\/index.php\\\/category\\\/infos\\\/#listItem\",\"name\":\"infos\"}}]},{\"@type\":\"Organization\",\"@id\":\"https:\\\/\\\/eternos974.live\\\/#organization\",\"name\":\"L'EternoStation\",\"description\":\"LIVE, CHILL & FUN\",\"url\":\"https:\\\/\\\/eternos974.live\\\/\"},{\"@type\":\"Person\",\"@id\":\"https:\\\/\\\/eternos974.live\\\/index.php\\\/author\\\/eternos974\\\/#author\",\"url\":\"https:\\\/\\\/eternos974.live\\\/index.php\\\/author\\\/eternos974\\\/\",\"name\":\"eternos974\",\"image\":{\"@type\":\"ImageObject\",\"@id\":\"https:\\\/\\\/eternos974.live\\\/index.php\\\/2026\\\/08\\\/28\\\/fuite-de-donnees-chez-e-leclerc-un-prestataire-logistique-en-cause\\\/#authorImage\",\"url\":\"https:\\\/\\\/secure.gravatar.com\\\/avatar\\\/f7141af684a779babd9913ea86616250a147cbdf2bd354aa007f434fc4dc1aff?s=96&d=mm&r=g\",\"width\":96,\"height\":96,\"caption\":\"eternos974\"}},{\"@type\":\"WebPage\",\"@id\":\"https:\\\/\\\/eternos974.live\\\/index.php\\\/2026\\\/08\\\/28\\\/fuite-de-donnees-chez-e-leclerc-un-prestataire-logistique-en-cause\\\/#webpage\",\"url\":\"https:\\\/\\\/eternos974.live\\\/index.php\\\/2026\\\/08\\\/28\\\/fuite-de-donnees-chez-e-leclerc-un-prestataire-logistique-en-cause\\\/\",\"name\":\"Fuite de donn\\u00e9es chez E.Leclerc : un prestataire logistique en cause - L'EternoStation\",\"description\":\"D\\u00e9couvrez les d\\u00e9tails de la cyberattaque r\\u00e9v\\u00e9l\\u00e9e par E.Leclerc, li\\u00e9e \\u00e0 un prestataire logistique et ses cons\\u00e9quences pour les clients.\",\"inLanguage\":\"fr-FR\",\"isPartOf\":{\"@id\":\"https:\\\/\\\/eternos974.live\\\/#website\"},\"breadcrumb\":{\"@id\":\"https:\\\/\\\/eternos974.live\\\/index.php\\\/2026\\\/08\\\/28\\\/fuite-de-donnees-chez-e-leclerc-un-prestataire-logistique-en-cause\\\/#breadcrumblist\"},\"author\":{\"@id\":\"https:\\\/\\\/eternos974.live\\\/index.php\\\/author\\\/eternos974\\\/#author\"},\"creator\":{\"@id\":\"https:\\\/\\\/eternos974.live\\\/index.php\\\/author\\\/eternos974\\\/#author\"},\"image\":{\"@type\":\"ImageObject\",\"url\":\"https:\\\/\\\/i0.wp.com\\\/eternos974.live\\\/wp-content\\\/uploads\\\/2026\\\/08\\\/logo-leclerc-01net-1344x896-1.jpg?fit=1344%2C896&ssl=1\",\"@id\":\"https:\\\/\\\/eternos974.live\\\/index.php\\\/2026\\\/08\\\/28\\\/fuite-de-donnees-chez-e-leclerc-un-prestataire-logistique-en-cause\\\/#mainImage\",\"width\":1344,\"height\":896},\"primaryImageOfPage\":{\"@id\":\"https:\\\/\\\/eternos974.live\\\/index.php\\\/2026\\\/08\\\/28\\\/fuite-de-donnees-chez-e-leclerc-un-prestataire-logistique-en-cause\\\/#mainImage\"},\"datePublished\":\"2026-08-28T19:26:00+04:00\",\"dateModified\":\"2026-08-27T23:57:10+04:00\"},{\"@type\":\"WebSite\",\"@id\":\"https:\\\/\\\/eternos974.live\\\/#website\",\"url\":\"https:\\\/\\\/eternos974.live\\\/\",\"name\":\"L'EternoStation\",\"description\":\"LIVE, CHILL & FUN\",\"inLanguage\":\"fr-FR\",\"publisher\":{\"@id\":\"https:\\\/\\\/eternos974.live\\\/#organization\"}}]}\n\t\t<\/script>\n\t\t<!-- All in One SEO -->\n\n","aioseo_head_json":{"title":"Fuite de donn\u00e9es chez E.Leclerc : un prestataire logistique en cause - L'EternoStation","description":"D\u00e9couvrez les d\u00e9tails de la cyberattaque r\u00e9v\u00e9l\u00e9e par E.Leclerc, li\u00e9e \u00e0 un prestataire logistique et ses cons\u00e9quences pour les clients.","canonical_url":"https:\/\/eternos974.live\/index.php\/2026\/08\/28\/fuite-de-donnees-chez-e-leclerc-un-prestataire-logistique-en-cause\/","robots":"max-image-preview:large","keywords":"","webmasterTools":{"miscellaneous":""},"schema":{"@context":"https:\/\/schema.org","@graph":[{"@type":"BlogPosting","@id":"https:\/\/eternos974.live\/index.php\/2026\/08\/28\/fuite-de-donnees-chez-e-leclerc-un-prestataire-logistique-en-cause\/#blogposting","name":"Fuite de donn\u00e9es chez E.Leclerc : un prestataire logistique en cause - L'EternoStation","headline":"Fuite de donn\u00e9es chez E.Leclerc : un prestataire logistique en cause","author":{"@id":"https:\/\/eternos974.live\/index.php\/author\/eternos974\/#author"},"publisher":{"@id":"https:\/\/eternos974.live\/#organization"},"image":{"@type":"ImageObject","url":"https:\/\/i0.wp.com\/eternos974.live\/wp-content\/uploads\/2026\/08\/logo-leclerc-01net-1344x896-1.jpg?fit=1344%2C896&ssl=1","width":1344,"height":896},"datePublished":"2026-08-28T19:26:00+04:00","dateModified":"2026-08-27T23:57:10+04:00","inLanguage":"fr-FR","mainEntityOfPage":{"@id":"https:\/\/eternos974.live\/index.php\/2026\/08\/28\/fuite-de-donnees-chez-e-leclerc-un-prestataire-logistique-en-cause\/#webpage"},"isPartOf":{"@id":"https:\/\/eternos974.live\/index.php\/2026\/08\/28\/fuite-de-donnees-chez-e-leclerc-un-prestataire-logistique-en-cause\/#webpage"},"articleSection":"infos"},{"@type":"BreadcrumbList","@id":"https:\/\/eternos974.live\/index.php\/2026\/08\/28\/fuite-de-donnees-chez-e-leclerc-un-prestataire-logistique-en-cause\/#breadcrumblist","itemListElement":[{"@type":"ListItem","@id":"https:\/\/eternos974.live#listItem","position":1,"name":"Domicile","item":"https:\/\/eternos974.live","nextItem":{"@type":"ListItem","@id":"https:\/\/eternos974.live\/index.php\/category\/infos\/#listItem","name":"infos"}},{"@type":"ListItem","@id":"https:\/\/eternos974.live\/index.php\/category\/infos\/#listItem","position":2,"name":"infos","item":"https:\/\/eternos974.live\/index.php\/category\/infos\/","nextItem":{"@type":"ListItem","@id":"https:\/\/eternos974.live\/index.php\/2026\/08\/28\/fuite-de-donnees-chez-e-leclerc-un-prestataire-logistique-en-cause\/#listItem","name":"Fuite de donn\u00e9es chez E.Leclerc : un prestataire logistique en cause"},"previousItem":{"@type":"ListItem","@id":"https:\/\/eternos974.live#listItem","name":"Domicile"}},{"@type":"ListItem","@id":"https:\/\/eternos974.live\/index.php\/2026\/08\/28\/fuite-de-donnees-chez-e-leclerc-un-prestataire-logistique-en-cause\/#listItem","position":3,"name":"Fuite de donn\u00e9es chez E.Leclerc : un prestataire logistique en cause","previousItem":{"@type":"ListItem","@id":"https:\/\/eternos974.live\/index.php\/category\/infos\/#listItem","name":"infos"}}]},{"@type":"Organization","@id":"https:\/\/eternos974.live\/#organization","name":"L'EternoStation","description":"LIVE, CHILL & FUN","url":"https:\/\/eternos974.live\/"},{"@type":"Person","@id":"https:\/\/eternos974.live\/index.php\/author\/eternos974\/#author","url":"https:\/\/eternos974.live\/index.php\/author\/eternos974\/","name":"eternos974","image":{"@type":"ImageObject","@id":"https:\/\/eternos974.live\/index.php\/2026\/08\/28\/fuite-de-donnees-chez-e-leclerc-un-prestataire-logistique-en-cause\/#authorImage","url":"https:\/\/secure.gravatar.com\/avatar\/f7141af684a779babd9913ea86616250a147cbdf2bd354aa007f434fc4dc1aff?s=96&d=mm&r=g","width":96,"height":96,"caption":"eternos974"}},{"@type":"WebPage","@id":"https:\/\/eternos974.live\/index.php\/2026\/08\/28\/fuite-de-donnees-chez-e-leclerc-un-prestataire-logistique-en-cause\/#webpage","url":"https:\/\/eternos974.live\/index.php\/2026\/08\/28\/fuite-de-donnees-chez-e-leclerc-un-prestataire-logistique-en-cause\/","name":"Fuite de donn\u00e9es chez E.Leclerc : un prestataire logistique en cause - L'EternoStation","description":"D\u00e9couvrez les d\u00e9tails de la cyberattaque r\u00e9v\u00e9l\u00e9e par E.Leclerc, li\u00e9e \u00e0 un prestataire logistique et ses cons\u00e9quences pour les clients.","inLanguage":"fr-FR","isPartOf":{"@id":"https:\/\/eternos974.live\/#website"},"breadcrumb":{"@id":"https:\/\/eternos974.live\/index.php\/2026\/08\/28\/fuite-de-donnees-chez-e-leclerc-un-prestataire-logistique-en-cause\/#breadcrumblist"},"author":{"@id":"https:\/\/eternos974.live\/index.php\/author\/eternos974\/#author"},"creator":{"@id":"https:\/\/eternos974.live\/index.php\/author\/eternos974\/#author"},"image":{"@type":"ImageObject","url":"https:\/\/i0.wp.com\/eternos974.live\/wp-content\/uploads\/2026\/08\/logo-leclerc-01net-1344x896-1.jpg?fit=1344%2C896&ssl=1","@id":"https:\/\/eternos974.live\/index.php\/2026\/08\/28\/fuite-de-donnees-chez-e-leclerc-un-prestataire-logistique-en-cause\/#mainImage","width":1344,"height":896},"primaryImageOfPage":{"@id":"https:\/\/eternos974.live\/index.php\/2026\/08\/28\/fuite-de-donnees-chez-e-leclerc-un-prestataire-logistique-en-cause\/#mainImage"},"datePublished":"2026-08-28T19:26:00+04:00","dateModified":"2026-08-27T23:57:10+04:00"},{"@type":"WebSite","@id":"https:\/\/eternos974.live\/#website","url":"https:\/\/eternos974.live\/","name":"L'EternoStation","description":"LIVE, CHILL & FUN","inLanguage":"fr-FR","publisher":{"@id":"https:\/\/eternos974.live\/#organization"}}]},"og:locale":"fr_FR","og:site_name":"L'EternoStation - LIVE, CHILL &amp; FUN","og:type":"article","og:title":"Fuite de donn\u00e9es chez E.Leclerc : un prestataire logistique en cause - L'EternoStation","og:description":"D\u00e9couvrez les d\u00e9tails de la cyberattaque r\u00e9v\u00e9l\u00e9e par E.Leclerc, li\u00e9e \u00e0 un prestataire logistique et ses cons\u00e9quences pour les clients.","og:url":"https:\/\/eternos974.live\/index.php\/2026\/08\/28\/fuite-de-donnees-chez-e-leclerc-un-prestataire-logistique-en-cause\/","article:published_time":"2026-08-28T15:26:00+00:00","article:modified_time":"2026-08-27T19:57:10+00:00","twitter:card":"summary_large_image","twitter:title":"Fuite de donn\u00e9es chez E.Leclerc : un prestataire logistique en cause - L'EternoStation","twitter:description":"D\u00e9couvrez les d\u00e9tails de la cyberattaque r\u00e9v\u00e9l\u00e9e par E.Leclerc, li\u00e9e \u00e0 un prestataire logistique et ses cons\u00e9quences pour les clients."},"aioseo_meta_data":{"post_id":"20178","title":null,"description":null,"keywords":null,"keyphrases":null,"primary_term":null,"canonical_url":null,"og_title":null,"og_description":null,"og_object_type":"default","og_image_type":"default","og_image_url":null,"og_image_width":null,"og_image_height":null,"og_image_custom_url":null,"og_image_custom_fields":null,"og_video":null,"og_custom_url":null,"og_article_section":null,"og_article_tags":null,"twitter_use_og":false,"twitter_card":"default","twitter_image_type":"default","twitter_image_url":null,"twitter_image_custom_url":null,"twitter_image_custom_fields":null,"twitter_title":null,"twitter_description":null,"schema":{"blockGraphs":[],"customGraphs":[],"default":{"data":{"Article":[],"Course":[],"Dataset":[],"FAQPage":[],"Movie":[],"Person":[],"Product":[],"ProductReview":[],"Car":[],"Recipe":[],"Service":[],"SoftwareApplication":[],"WebPage":[]},"graphName":"","isEnabled":true},"graphs":[]},"schema_type":"default","schema_type_options":null,"pillar_content":false,"robots_default":true,"robots_noindex":false,"robots_noarchive":false,"robots_nosnippet":false,"robots_nofollow":false,"robots_noimageindex":false,"robots_noodp":false,"robots_notranslate":false,"robots_max_snippet":null,"robots_max_videopreview":null,"robots_max_imagepreview":"large","priority":null,"frequency":null,"local_seo":null,"breadcrumb_settings":null,"limit_modified_date":false,"ai":null,"created":"2026-08-28 16:06:25","updated":"2026-08-28 16:06:25","seo_analyzer_scan_date":null,"focus_keyword":null,"additional_keywords":null,"truseo_locale":null},"aioseo_breadcrumb":"<div class=\"aioseo-breadcrumbs\"><span class=\"aioseo-breadcrumb\">\n\t\t\t<a href=\"https:\/\/eternos974.live\" title=\"Domicile\">Domicile<\/a>\n\t\t<\/span><span class=\"aioseo-breadcrumb-separator\">&raquo;<\/span><span class=\"aioseo-breadcrumb\">\n\t\t\t<a href=\"https:\/\/eternos974.live\/index.php\/category\/infos\/\" title=\"infos\">infos<\/a>\n\t\t<\/span><span class=\"aioseo-breadcrumb-separator\">&raquo;<\/span><span class=\"aioseo-breadcrumb\">\n\t\t\tFuite de donn\u00e9es chez E.Leclerc : un prestataire logistique en cause\n\t\t<\/span><\/div>","aioseo_breadcrumb_json":[{"label":"Domicile","link":"https:\/\/eternos974.live"},{"label":"infos","link":"https:\/\/eternos974.live\/index.php\/category\/infos\/"},{"label":"Fuite de donn\u00e9es chez E.Leclerc : un prestataire logistique en cause","link":"https:\/\/eternos974.live\/index.php\/2026\/08\/28\/fuite-de-donnees-chez-e-leclerc-un-prestataire-logistique-en-cause\/"}],"jetpack_featured_media_url":"https:\/\/i0.wp.com\/eternos974.live\/wp-content\/uploads\/2026\/08\/logo-leclerc-01net-1344x896-1.jpg?fit=1344%2C896&ssl=1","jetpack-related-posts":[],"jetpack_sharing_enabled":true,"_links":{"self":[{"href":"https:\/\/eternos974.live\/index.php\/wp-json\/wp\/v2\/posts\/20178","targetHints":{"allow":["GET"]}}],"collection":[{"href":"https:\/\/eternos974.live\/index.php\/wp-json\/wp\/v2\/posts"}],"about":[{"href":"https:\/\/eternos974.live\/index.php\/wp-json\/wp\/v2\/types\/post"}],"author":[{"embeddable":true,"href":"https:\/\/eternos974.live\/index.php\/wp-json\/wp\/v2\/users\/1"}],"replies":[{"embeddable":true,"href":"https:\/\/eternos974.live\/index.php\/wp-json\/wp\/v2\/comments?post=20178"}],"version-history":[{"count":1,"href":"https:\/\/eternos974.live\/index.php\/wp-json\/wp\/v2\/posts\/20178\/revisions"}],"predecessor-version":[{"id":20180,"href":"https:\/\/eternos974.live\/index.php\/wp-json\/wp\/v2\/posts\/20178\/revisions\/20180"}],"wp:featuredmedia":[{"embeddable":true,"href":"https:\/\/eternos974.live\/index.php\/wp-json\/wp\/v2\/media\/20179"}],"wp:attachment":[{"href":"https:\/\/eternos974.live\/index.php\/wp-json\/wp\/v2\/media?parent=20178"}],"wp:term":[{"taxonomy":"category","embeddable":true,"href":"https:\/\/eternos974.live\/index.php\/wp-json\/wp\/v2\/categories?post=20178"},{"taxonomy":"post_tag","embeddable":true,"href":"https:\/\/eternos974.live\/index.php\/wp-json\/wp\/v2\/tags?post=20178"}],"curies":[{"name":"wp","href":"https:\/\/api.w.org\/{rel}","templated":true}]}}