{"id":20212,"date":"2026-08-29T20:47:00","date_gmt":"2026-08-29T16:47:00","guid":{"rendered":"https:\/\/eternos974.live\/?p=20212"},"modified":"2026-08-28T22:40:28","modified_gmt":"2026-08-28T18:40:28","slug":"apple-lance-liphone-ultra-le-premier-smartphone-pliant-de-la-marque","status":"publish","type":"post","link":"https:\/\/eternos974.live\/index.php\/2026\/08\/29\/apple-lance-liphone-ultra-le-premier-smartphone-pliant-de-la-marque\/","title":{"rendered":"Apple lance l\u2019iPhone Ultra : le premier smartphone pliant de la marque"},"content":{"rendered":"<p>Apple, la firme de Cupertino, vient de faire trembler le monde technologique : son premier smartphone pliant, l\u2019iPhone Ultra, est enfin sur le point de voir le jour. Alors que Samsung, Honor et Motorola ont depuis longtemps conquis le segment des appareils pliables, Apple tarde \u00e0 faire son entr\u00e9e. Mais cette fois, c\u2019est un \u00e9v\u00e9nement majeur. Le 9 septembre 2026, lors d\u2019une keynote dirig\u00e9e par le nouveau PDG John Ternus, la marque \u00e0 la pomme d\u00e9voilera non seulement les iPhone 18 Pro et Pro Max, mais aussi un appareil qui pourrait r\u00e9volutionner la gamme : un smartphone pliant. Un pas audacieux, mais pas sans d\u00e9fis.<\/p>\n<p>Le design de l\u2019iPhone Ultra ressemble \u00e0 s\u2019y m\u00e9prendre \u00e0 celui du Galaxy Z Fold8 de Samsung. Des images de maquettes et des rendus pr\u00e9sum\u00e9s montrent un \u00e9cran interne pliable avec un pli presque invisible, un \u00e9cran externe, et deux capteurs photo sur le dos. Pourtant, malgr\u00e9 ce design \u00e9l\u00e9gant, Apple devra faire des concessions techniques. L\u2019absence de Face ID, un pilier de l\u2019exp\u00e9rience utilisateur depuis des ann\u00e9es, pourrait d\u00e9cevoir certains fans. \u00c0 sa place, un scanner d\u2019empreintes digitales sur la tranche du t\u00e9l\u00e9phone est envisag\u00e9. Une solution pratique, mais qui marque un virage dans la philosophie d\u2019Apple.<\/p>\n<p>Le prix est un autre point de d\u00e9bat. Selon les estimations, l\u2019iPhone Ultra pourrait co\u00fbter aux \u00c9tats-Unis environ 2 000 dollars, soit plus de 2 000 euros en Europe. Un montant qui place cet appareil dans une cat\u00e9gorie haut de gamme, voire exclusive. Et les d\u00e9lais de disponibilit\u00e9 ne sont pas non plus clairs. Comme pour l\u2019iPhone X, qui a connu des retards de production, l\u2019iPhone pliant pourrait \u00eatre officialis\u00e9 en m\u00eame temps que les iPhone 18 Pro, mais ne serait disponible qu\u2019apr\u00e8s. Les stocks, surtout autour des f\u00eates de fin d\u2019ann\u00e9e, pourraient \u00eatre limit\u00e9s. Un sc\u00e9nario qui rappelle les difficult\u00e9s de la firme \u00e0 produire en masse des appareils avec des designs radicalement nouveaux.<\/p>\n<p>Derri\u00e8re ce lancement, on retrouve aussi des avanc\u00e9es technologiques majeures. La puce qui \u00e9quipera l\u2019iPhone Ultra \u2014 et potentiellement des smartphones Android haut de gamme \u2014 pourrait int\u00e9grer des composants comme le Snapdragon 8 Elite de Qualcomm, avec des processeurs Oryon \u00e0 5 GHz et une architecture 2 nm. Ces innovations ne concernent pas seulement l\u2019iPhone pliant, mais tout l\u2019\u00e9cosyst\u00e8me hardware d\u2019Apple. La gestion du cache et de la m\u00e9moire, am\u00e9lior\u00e9e gr\u00e2ce \u00e0 une meilleure optimisation, promet des performances fluides, m\u00eame sur un appareil pliable.<\/p>\n<p>Cette entr\u00e9e d\u2019Apple sur le march\u00e9 des smartphones pliants marquera-t-elle un tournant dans l\u2019industrie ? Le d\u00e9fi n\u2019est pas seulement technique, mais aussi commercial. Comment concilier l\u2019innovation avec les attentes des utilisateurs ? Comment positionner un appareil \u00e0 plus de 2 000 euros face \u00e0 des concurrents comme Samsung, qui ont d\u00e9j\u00e0 des mod\u00e8les \u00e9prouv\u00e9s ? La r\u00e9ponse se trouvera dans les mois \u00e0 venir, mais une chose est certaine : Apple n\u2019a jamais eu peur de briser les codes. Et si le pli de l\u2019iPhone Ultra est presque invisible, son impact sur le march\u00e9 pourrait \u00eatre bien plus visible.<\/p>\n<h2>Sources<\/h2>\n<ul>\n<li><a href=\"https:\/\/www.journaldugeek.com\/2026\/08\/27\/liphone-ultra-arrive-enfin-voici-tout-ce-quon-sait-sur-le-smartphone-pliant-dapple\/\" target=\"_blank\" rel=\"nofollow noopener\">Source 1<\/a><\/li>\n<li><a href=\"https:\/\/www.journaldugeek.com\/2026\/08\/26\/vous-reflechirez-a-deux-fois-avant-dacheter-un-nouveau-smartphone-a-cause-de-cette-annonce-de-qualcomm\/\" target=\"_blank\" rel=\"nofollow noopener\">Source 2<\/a><\/li>\n<li><a href=\"https:\/\/www.journaldugeek.com\/2026\/08\/26\/apple-annonce-sa-prochaine-keynote-enfin-un-iphone-pliant\/\" target=\"_blank\" rel=\"nofollow noopener\">Source 3<\/a><\/li>\n<\/ul>\n<p>\u00c0 tr\u00e8s vite sur <a href=\"https:\/\/eternos974.live\" target=\"_blank\" rel=\"noopener\"><strong>l\u2019EternoStation<\/strong><\/a>.<\/p>\n","protected":false},"excerpt":{"rendered":"<p>D\u00e9couvrez l\u2019iPhone Ultra, le premier smartphone pliant d\u2019Apple, pr\u00e9sent\u00e9 lors de la keynote de septembre 2026. Innovation, design et prix d\u00e9voil\u00e9s.<\/p>\n","protected":false},"author":1,"featured_media":20213,"comment_status":"open","ping_status":"open","sticky":false,"template":"","format":"standard","meta":{"_monsterinsights_skip_tracking":false,"cybocfi_hide_featured_image":"","_jetpack_newsletter_access":"","_jetpack_dont_email_post_to_subs":false,"_jetpack_newsletter_tier_id":0,"_jetpack_memberships_contains_paywalled_content":false,"_jetpack_feature_clip_id":0,"_jetpack_memberships_contains_paid_content":false,"footnotes":"","jetpack_post_was_ever_published":false},"categories":[393],"tags":[],"class_list":["post-20212","post","type-post","status-publish","format-standard","has-post-thumbnail","hentry","category-infos"],"aioseo_notices":[],"aioseo_head":"\n\t\t<!-- All in One SEO 5.0.0.1 - aioseo.com -->\n\t<meta name=\"description\" content=\"D\u00e9couvrez l\u2019iPhone Ultra, le premier smartphone pliant d\u2019Apple, pr\u00e9sent\u00e9 lors de la keynote de septembre 2026. Innovation, design et prix d\u00e9voil\u00e9s.\" \/>\n\t<meta name=\"robots\" content=\"max-image-preview:large\" \/>\n\t<meta name=\"author\" content=\"eternos974\"\/>\n\t<link rel=\"canonical\" href=\"https:\/\/eternos974.live\/index.php\/2026\/08\/29\/apple-lance-liphone-ultra-le-premier-smartphone-pliant-de-la-marque\/\" \/>\n\t<meta name=\"generator\" content=\"All in One SEO (AIOSEO) 5.0.0.1\" \/>\n\t\t<meta property=\"og:locale\" content=\"fr_FR\" \/>\n\t\t<meta property=\"og:site_name\" content=\"L&#039;EternoStation - LIVE, CHILL &amp; FUN\" \/>\n\t\t<meta property=\"og:type\" content=\"article\" \/>\n\t\t<meta property=\"og:title\" content=\"Apple lance l\u2019iPhone Ultra : le premier smartphone pliant de la marque - L&#039;EternoStation\" \/>\n\t\t<meta property=\"og:description\" content=\"D\u00e9couvrez l\u2019iPhone Ultra, le premier smartphone pliant d\u2019Apple, pr\u00e9sent\u00e9 lors de la keynote de septembre 2026. Innovation, design et prix d\u00e9voil\u00e9s.\" \/>\n\t\t<meta property=\"og:url\" content=\"https:\/\/eternos974.live\/index.php\/2026\/08\/29\/apple-lance-liphone-ultra-le-premier-smartphone-pliant-de-la-marque\/\" \/>\n\t\t<meta property=\"article:published_time\" content=\"2026-08-29T16:47:00+00:00\" \/>\n\t\t<meta property=\"article:modified_time\" content=\"2026-08-28T18:40:28+00:00\" \/>\n\t\t<meta name=\"twitter:card\" content=\"summary_large_image\" \/>\n\t\t<meta name=\"twitter:title\" content=\"Apple lance l\u2019iPhone Ultra : le premier smartphone pliant de la marque - L&#039;EternoStation\" \/>\n\t\t<meta name=\"twitter:description\" content=\"D\u00e9couvrez l\u2019iPhone Ultra, le premier smartphone pliant d\u2019Apple, pr\u00e9sent\u00e9 lors de la keynote de septembre 2026. Innovation, design et prix d\u00e9voil\u00e9s.\" \/>\n\t\t<script type=\"application\/ld+json\" class=\"aioseo-schema\">\n\t\t\t{\"@context\":\"https:\\\/\\\/schema.org\",\"@graph\":[{\"@type\":\"BlogPosting\",\"@id\":\"https:\\\/\\\/eternos974.live\\\/index.php\\\/2026\\\/08\\\/29\\\/apple-lance-liphone-ultra-le-premier-smartphone-pliant-de-la-marque\\\/#blogposting\",\"name\":\"Apple lance l\\u2019iPhone Ultra : le premier smartphone pliant de la marque - L'EternoStation\",\"headline\":\"Apple lance l\\u2019iPhone Ultra : le premier smartphone pliant de la marque\",\"author\":{\"@id\":\"https:\\\/\\\/eternos974.live\\\/index.php\\\/author\\\/eternos974\\\/#author\"},\"publisher\":{\"@id\":\"https:\\\/\\\/eternos974.live\\\/#organization\"},\"image\":{\"@type\":\"ImageObject\",\"url\":\"https:\\\/\\\/i0.wp.com\\\/eternos974.live\\\/wp-content\\\/uploads\\\/2026\\\/08\\\/Apple-logo-1280x853-1.jpg?fit=1280%2C853&ssl=1\",\"width\":1280,\"height\":853},\"datePublished\":\"2026-08-29T20:47:00+04:00\",\"dateModified\":\"2026-08-28T22:40:28+04:00\",\"inLanguage\":\"fr-FR\",\"mainEntityOfPage\":{\"@id\":\"https:\\\/\\\/eternos974.live\\\/index.php\\\/2026\\\/08\\\/29\\\/apple-lance-liphone-ultra-le-premier-smartphone-pliant-de-la-marque\\\/#webpage\"},\"isPartOf\":{\"@id\":\"https:\\\/\\\/eternos974.live\\\/index.php\\\/2026\\\/08\\\/29\\\/apple-lance-liphone-ultra-le-premier-smartphone-pliant-de-la-marque\\\/#webpage\"},\"articleSection\":\"infos\"},{\"@type\":\"BreadcrumbList\",\"@id\":\"https:\\\/\\\/eternos974.live\\\/index.php\\\/2026\\\/08\\\/29\\\/apple-lance-liphone-ultra-le-premier-smartphone-pliant-de-la-marque\\\/#breadcrumblist\",\"itemListElement\":[{\"@type\":\"ListItem\",\"@id\":\"https:\\\/\\\/eternos974.live#listItem\",\"position\":1,\"name\":\"Domicile\",\"item\":\"https:\\\/\\\/eternos974.live\",\"nextItem\":{\"@type\":\"ListItem\",\"@id\":\"https:\\\/\\\/eternos974.live\\\/index.php\\\/category\\\/infos\\\/#listItem\",\"name\":\"infos\"}},{\"@type\":\"ListItem\",\"@id\":\"https:\\\/\\\/eternos974.live\\\/index.php\\\/category\\\/infos\\\/#listItem\",\"position\":2,\"name\":\"infos\",\"item\":\"https:\\\/\\\/eternos974.live\\\/index.php\\\/category\\\/infos\\\/\",\"nextItem\":{\"@type\":\"ListItem\",\"@id\":\"https:\\\/\\\/eternos974.live\\\/index.php\\\/2026\\\/08\\\/29\\\/apple-lance-liphone-ultra-le-premier-smartphone-pliant-de-la-marque\\\/#listItem\",\"name\":\"Apple lance l\\u2019iPhone Ultra : le premier smartphone pliant de la marque\"},\"previousItem\":{\"@type\":\"ListItem\",\"@id\":\"https:\\\/\\\/eternos974.live#listItem\",\"name\":\"Domicile\"}},{\"@type\":\"ListItem\",\"@id\":\"https:\\\/\\\/eternos974.live\\\/index.php\\\/2026\\\/08\\\/29\\\/apple-lance-liphone-ultra-le-premier-smartphone-pliant-de-la-marque\\\/#listItem\",\"position\":3,\"name\":\"Apple lance l\\u2019iPhone Ultra : le premier smartphone pliant de la marque\",\"previousItem\":{\"@type\":\"ListItem\",\"@id\":\"https:\\\/\\\/eternos974.live\\\/index.php\\\/category\\\/infos\\\/#listItem\",\"name\":\"infos\"}}]},{\"@type\":\"Organization\",\"@id\":\"https:\\\/\\\/eternos974.live\\\/#organization\",\"name\":\"L'EternoStation\",\"description\":\"LIVE, CHILL & FUN\",\"url\":\"https:\\\/\\\/eternos974.live\\\/\"},{\"@type\":\"Person\",\"@id\":\"https:\\\/\\\/eternos974.live\\\/index.php\\\/author\\\/eternos974\\\/#author\",\"url\":\"https:\\\/\\\/eternos974.live\\\/index.php\\\/author\\\/eternos974\\\/\",\"name\":\"eternos974\",\"image\":{\"@type\":\"ImageObject\",\"@id\":\"https:\\\/\\\/eternos974.live\\\/index.php\\\/2026\\\/08\\\/29\\\/apple-lance-liphone-ultra-le-premier-smartphone-pliant-de-la-marque\\\/#authorImage\",\"url\":\"https:\\\/\\\/secure.gravatar.com\\\/avatar\\\/f7141af684a779babd9913ea86616250a147cbdf2bd354aa007f434fc4dc1aff?s=96&d=mm&r=g\",\"width\":96,\"height\":96,\"caption\":\"eternos974\"}},{\"@type\":\"WebPage\",\"@id\":\"https:\\\/\\\/eternos974.live\\\/index.php\\\/2026\\\/08\\\/29\\\/apple-lance-liphone-ultra-le-premier-smartphone-pliant-de-la-marque\\\/#webpage\",\"url\":\"https:\\\/\\\/eternos974.live\\\/index.php\\\/2026\\\/08\\\/29\\\/apple-lance-liphone-ultra-le-premier-smartphone-pliant-de-la-marque\\\/\",\"name\":\"Apple lance l\\u2019iPhone Ultra : le premier smartphone pliant de la marque - L'EternoStation\",\"description\":\"D\\u00e9couvrez l\\u2019iPhone Ultra, le premier smartphone pliant d\\u2019Apple, pr\\u00e9sent\\u00e9 lors de la keynote de septembre 2026. Innovation, design et prix d\\u00e9voil\\u00e9s.\",\"inLanguage\":\"fr-FR\",\"isPartOf\":{\"@id\":\"https:\\\/\\\/eternos974.live\\\/#website\"},\"breadcrumb\":{\"@id\":\"https:\\\/\\\/eternos974.live\\\/index.php\\\/2026\\\/08\\\/29\\\/apple-lance-liphone-ultra-le-premier-smartphone-pliant-de-la-marque\\\/#breadcrumblist\"},\"author\":{\"@id\":\"https:\\\/\\\/eternos974.live\\\/index.php\\\/author\\\/eternos974\\\/#author\"},\"creator\":{\"@id\":\"https:\\\/\\\/eternos974.live\\\/index.php\\\/author\\\/eternos974\\\/#author\"},\"image\":{\"@type\":\"ImageObject\",\"url\":\"https:\\\/\\\/i0.wp.com\\\/eternos974.live\\\/wp-content\\\/uploads\\\/2026\\\/08\\\/Apple-logo-1280x853-1.jpg?fit=1280%2C853&ssl=1\",\"@id\":\"https:\\\/\\\/eternos974.live\\\/index.php\\\/2026\\\/08\\\/29\\\/apple-lance-liphone-ultra-le-premier-smartphone-pliant-de-la-marque\\\/#mainImage\",\"width\":1280,\"height\":853},\"primaryImageOfPage\":{\"@id\":\"https:\\\/\\\/eternos974.live\\\/index.php\\\/2026\\\/08\\\/29\\\/apple-lance-liphone-ultra-le-premier-smartphone-pliant-de-la-marque\\\/#mainImage\"},\"datePublished\":\"2026-08-29T20:47:00+04:00\",\"dateModified\":\"2026-08-28T22:40:28+04:00\"},{\"@type\":\"WebSite\",\"@id\":\"https:\\\/\\\/eternos974.live\\\/#website\",\"url\":\"https:\\\/\\\/eternos974.live\\\/\",\"name\":\"L'EternoStation\",\"description\":\"LIVE, CHILL & FUN\",\"inLanguage\":\"fr-FR\",\"publisher\":{\"@id\":\"https:\\\/\\\/eternos974.live\\\/#organization\"}}]}\n\t\t<\/script>\n\t\t<!-- All in One SEO -->\n\n","aioseo_head_json":{"title":"Apple lance l\u2019iPhone Ultra : le premier smartphone pliant de la marque - L'EternoStation","description":"D\u00e9couvrez l\u2019iPhone Ultra, le premier smartphone pliant d\u2019Apple, pr\u00e9sent\u00e9 lors de la keynote de septembre 2026. Innovation, design et prix d\u00e9voil\u00e9s.","canonical_url":"https:\/\/eternos974.live\/index.php\/2026\/08\/29\/apple-lance-liphone-ultra-le-premier-smartphone-pliant-de-la-marque\/","robots":"max-image-preview:large","keywords":"","webmasterTools":{"miscellaneous":""},"schema":{"@context":"https:\/\/schema.org","@graph":[{"@type":"BlogPosting","@id":"https:\/\/eternos974.live\/index.php\/2026\/08\/29\/apple-lance-liphone-ultra-le-premier-smartphone-pliant-de-la-marque\/#blogposting","name":"Apple lance l\u2019iPhone Ultra : le premier smartphone pliant de la marque - L'EternoStation","headline":"Apple lance l\u2019iPhone Ultra : le premier smartphone pliant de la marque","author":{"@id":"https:\/\/eternos974.live\/index.php\/author\/eternos974\/#author"},"publisher":{"@id":"https:\/\/eternos974.live\/#organization"},"image":{"@type":"ImageObject","url":"https:\/\/i0.wp.com\/eternos974.live\/wp-content\/uploads\/2026\/08\/Apple-logo-1280x853-1.jpg?fit=1280%2C853&ssl=1","width":1280,"height":853},"datePublished":"2026-08-29T20:47:00+04:00","dateModified":"2026-08-28T22:40:28+04:00","inLanguage":"fr-FR","mainEntityOfPage":{"@id":"https:\/\/eternos974.live\/index.php\/2026\/08\/29\/apple-lance-liphone-ultra-le-premier-smartphone-pliant-de-la-marque\/#webpage"},"isPartOf":{"@id":"https:\/\/eternos974.live\/index.php\/2026\/08\/29\/apple-lance-liphone-ultra-le-premier-smartphone-pliant-de-la-marque\/#webpage"},"articleSection":"infos"},{"@type":"BreadcrumbList","@id":"https:\/\/eternos974.live\/index.php\/2026\/08\/29\/apple-lance-liphone-ultra-le-premier-smartphone-pliant-de-la-marque\/#breadcrumblist","itemListElement":[{"@type":"ListItem","@id":"https:\/\/eternos974.live#listItem","position":1,"name":"Domicile","item":"https:\/\/eternos974.live","nextItem":{"@type":"ListItem","@id":"https:\/\/eternos974.live\/index.php\/category\/infos\/#listItem","name":"infos"}},{"@type":"ListItem","@id":"https:\/\/eternos974.live\/index.php\/category\/infos\/#listItem","position":2,"name":"infos","item":"https:\/\/eternos974.live\/index.php\/category\/infos\/","nextItem":{"@type":"ListItem","@id":"https:\/\/eternos974.live\/index.php\/2026\/08\/29\/apple-lance-liphone-ultra-le-premier-smartphone-pliant-de-la-marque\/#listItem","name":"Apple lance l\u2019iPhone Ultra : le premier smartphone pliant de la marque"},"previousItem":{"@type":"ListItem","@id":"https:\/\/eternos974.live#listItem","name":"Domicile"}},{"@type":"ListItem","@id":"https:\/\/eternos974.live\/index.php\/2026\/08\/29\/apple-lance-liphone-ultra-le-premier-smartphone-pliant-de-la-marque\/#listItem","position":3,"name":"Apple lance l\u2019iPhone Ultra : le premier smartphone pliant de la marque","previousItem":{"@type":"ListItem","@id":"https:\/\/eternos974.live\/index.php\/category\/infos\/#listItem","name":"infos"}}]},{"@type":"Organization","@id":"https:\/\/eternos974.live\/#organization","name":"L'EternoStation","description":"LIVE, CHILL & FUN","url":"https:\/\/eternos974.live\/"},{"@type":"Person","@id":"https:\/\/eternos974.live\/index.php\/author\/eternos974\/#author","url":"https:\/\/eternos974.live\/index.php\/author\/eternos974\/","name":"eternos974","image":{"@type":"ImageObject","@id":"https:\/\/eternos974.live\/index.php\/2026\/08\/29\/apple-lance-liphone-ultra-le-premier-smartphone-pliant-de-la-marque\/#authorImage","url":"https:\/\/secure.gravatar.com\/avatar\/f7141af684a779babd9913ea86616250a147cbdf2bd354aa007f434fc4dc1aff?s=96&d=mm&r=g","width":96,"height":96,"caption":"eternos974"}},{"@type":"WebPage","@id":"https:\/\/eternos974.live\/index.php\/2026\/08\/29\/apple-lance-liphone-ultra-le-premier-smartphone-pliant-de-la-marque\/#webpage","url":"https:\/\/eternos974.live\/index.php\/2026\/08\/29\/apple-lance-liphone-ultra-le-premier-smartphone-pliant-de-la-marque\/","name":"Apple lance l\u2019iPhone Ultra : le premier smartphone pliant de la marque - L'EternoStation","description":"D\u00e9couvrez l\u2019iPhone Ultra, le premier smartphone pliant d\u2019Apple, pr\u00e9sent\u00e9 lors de la keynote de septembre 2026. Innovation, design et prix d\u00e9voil\u00e9s.","inLanguage":"fr-FR","isPartOf":{"@id":"https:\/\/eternos974.live\/#website"},"breadcrumb":{"@id":"https:\/\/eternos974.live\/index.php\/2026\/08\/29\/apple-lance-liphone-ultra-le-premier-smartphone-pliant-de-la-marque\/#breadcrumblist"},"author":{"@id":"https:\/\/eternos974.live\/index.php\/author\/eternos974\/#author"},"creator":{"@id":"https:\/\/eternos974.live\/index.php\/author\/eternos974\/#author"},"image":{"@type":"ImageObject","url":"https:\/\/i0.wp.com\/eternos974.live\/wp-content\/uploads\/2026\/08\/Apple-logo-1280x853-1.jpg?fit=1280%2C853&ssl=1","@id":"https:\/\/eternos974.live\/index.php\/2026\/08\/29\/apple-lance-liphone-ultra-le-premier-smartphone-pliant-de-la-marque\/#mainImage","width":1280,"height":853},"primaryImageOfPage":{"@id":"https:\/\/eternos974.live\/index.php\/2026\/08\/29\/apple-lance-liphone-ultra-le-premier-smartphone-pliant-de-la-marque\/#mainImage"},"datePublished":"2026-08-29T20:47:00+04:00","dateModified":"2026-08-28T22:40:28+04:00"},{"@type":"WebSite","@id":"https:\/\/eternos974.live\/#website","url":"https:\/\/eternos974.live\/","name":"L'EternoStation","description":"LIVE, CHILL & FUN","inLanguage":"fr-FR","publisher":{"@id":"https:\/\/eternos974.live\/#organization"}}]},"og:locale":"fr_FR","og:site_name":"L'EternoStation - LIVE, CHILL &amp; FUN","og:type":"article","og:title":"Apple lance l\u2019iPhone Ultra : le premier smartphone pliant de la marque - L'EternoStation","og:description":"D\u00e9couvrez l\u2019iPhone Ultra, le premier smartphone pliant d\u2019Apple, pr\u00e9sent\u00e9 lors de la keynote de septembre 2026. Innovation, design et prix d\u00e9voil\u00e9s.","og:url":"https:\/\/eternos974.live\/index.php\/2026\/08\/29\/apple-lance-liphone-ultra-le-premier-smartphone-pliant-de-la-marque\/","article:published_time":"2026-08-29T16:47:00+00:00","article:modified_time":"2026-08-28T18:40:28+00:00","twitter:card":"summary_large_image","twitter:title":"Apple lance l\u2019iPhone Ultra : le premier smartphone pliant de la marque - L'EternoStation","twitter:description":"D\u00e9couvrez l\u2019iPhone Ultra, le premier smartphone pliant d\u2019Apple, pr\u00e9sent\u00e9 lors de la keynote de septembre 2026. Innovation, design et prix d\u00e9voil\u00e9s."},"aioseo_meta_data":{"post_id":"20212","title":null,"description":null,"keywords":null,"keyphrases":null,"primary_term":null,"canonical_url":null,"og_title":null,"og_description":null,"og_object_type":"default","og_image_type":"default","og_image_url":null,"og_image_width":null,"og_image_height":null,"og_image_custom_url":null,"og_image_custom_fields":null,"og_video":null,"og_custom_url":null,"og_article_section":null,"og_article_tags":null,"twitter_use_og":false,"twitter_card":"default","twitter_image_type":"default","twitter_image_url":null,"twitter_image_custom_url":null,"twitter_image_custom_fields":null,"twitter_title":null,"twitter_description":null,"schema":{"blockGraphs":[],"customGraphs":[],"default":{"data":{"Article":[],"Course":[],"Dataset":[],"FAQPage":[],"Movie":[],"Person":[],"Product":[],"ProductReview":[],"Car":[],"Recipe":[],"Service":[],"SoftwareApplication":[],"WebPage":[]},"graphName":"","isEnabled":true},"graphs":[]},"schema_type":"default","schema_type_options":null,"pillar_content":false,"robots_default":true,"robots_noindex":false,"robots_noarchive":false,"robots_nosnippet":false,"robots_nofollow":false,"robots_noimageindex":false,"robots_noodp":false,"robots_notranslate":false,"robots_max_snippet":null,"robots_max_videopreview":null,"robots_max_imagepreview":"large","priority":null,"frequency":null,"local_seo":null,"breadcrumb_settings":null,"limit_modified_date":false,"ai":null,"created":"2026-08-29 17:15:42","updated":"2026-08-29 17:15:42","seo_analyzer_scan_date":null,"focus_keyword":null,"additional_keywords":null,"truseo_locale":null},"aioseo_breadcrumb":"<div class=\"aioseo-breadcrumbs\"><span class=\"aioseo-breadcrumb\">\n\t\t\t<a href=\"https:\/\/eternos974.live\" title=\"Domicile\">Domicile<\/a>\n\t\t<\/span><span class=\"aioseo-breadcrumb-separator\">&raquo;<\/span><span class=\"aioseo-breadcrumb\">\n\t\t\t<a href=\"https:\/\/eternos974.live\/index.php\/category\/infos\/\" title=\"infos\">infos<\/a>\n\t\t<\/span><span class=\"aioseo-breadcrumb-separator\">&raquo;<\/span><span class=\"aioseo-breadcrumb\">\n\t\t\tApple lance l\u2019iPhone Ultra : le premier smartphone pliant de la marque\n\t\t<\/span><\/div>","aioseo_breadcrumb_json":[{"label":"Domicile","link":"https:\/\/eternos974.live"},{"label":"infos","link":"https:\/\/eternos974.live\/index.php\/category\/infos\/"},{"label":"Apple lance l\u2019iPhone Ultra : le premier smartphone pliant de la marque","link":"https:\/\/eternos974.live\/index.php\/2026\/08\/29\/apple-lance-liphone-ultra-le-premier-smartphone-pliant-de-la-marque\/"}],"jetpack_featured_media_url":"https:\/\/i0.wp.com\/eternos974.live\/wp-content\/uploads\/2026\/08\/Apple-logo-1280x853-1.jpg?fit=1280%2C853&ssl=1","jetpack-related-posts":[],"jetpack_sharing_enabled":true,"_links":{"self":[{"href":"https:\/\/eternos974.live\/index.php\/wp-json\/wp\/v2\/posts\/20212","targetHints":{"allow":["GET"]}}],"collection":[{"href":"https:\/\/eternos974.live\/index.php\/wp-json\/wp\/v2\/posts"}],"about":[{"href":"https:\/\/eternos974.live\/index.php\/wp-json\/wp\/v2\/types\/post"}],"author":[{"embeddable":true,"href":"https:\/\/eternos974.live\/index.php\/wp-json\/wp\/v2\/users\/1"}],"replies":[{"embeddable":true,"href":"https:\/\/eternos974.live\/index.php\/wp-json\/wp\/v2\/comments?post=20212"}],"version-history":[{"count":1,"href":"https:\/\/eternos974.live\/index.php\/wp-json\/wp\/v2\/posts\/20212\/revisions"}],"predecessor-version":[{"id":20214,"href":"https:\/\/eternos974.live\/index.php\/wp-json\/wp\/v2\/posts\/20212\/revisions\/20214"}],"wp:featuredmedia":[{"embeddable":true,"href":"https:\/\/eternos974.live\/index.php\/wp-json\/wp\/v2\/media\/20213"}],"wp:attachment":[{"href":"https:\/\/eternos974.live\/index.php\/wp-json\/wp\/v2\/media?parent=20212"}],"wp:term":[{"taxonomy":"category","embeddable":true,"href":"https:\/\/eternos974.live\/index.php\/wp-json\/wp\/v2\/categories?post=20212"},{"taxonomy":"post_tag","embeddable":true,"href":"https:\/\/eternos974.live\/index.php\/wp-json\/wp\/v2\/tags?post=20212"}],"curies":[{"name":"wp","href":"https:\/\/api.w.org\/{rel}","templated":true}]}}