{"id":20230,"date":"2026-08-30T15:16:00","date_gmt":"2026-08-30T11:16:00","guid":{"rendered":"https:\/\/eternos974.live\/?p=20230"},"modified":"2026-08-30T01:29:08","modified_gmt":"2026-08-29T21:29:08","slug":"etude-sur-le-lien-entre-temps-decran-et-developpement-cognitif-chez-les-adolescents","status":"publish","type":"post","link":"https:\/\/eternos974.live\/index.php\/2026\/08\/30\/etude-sur-le-lien-entre-temps-decran-et-developpement-cognitif-chez-les-adolescents\/","title":{"rendered":"\u00c9tude sur le lien entre temps d&rsquo;\u00e9cran et d\u00e9veloppement cognitif chez les adolescents"},"content":{"rendered":"<p>Contrary to popular belief, a Finnish study challenges the myth that screens dull children&rsquo;s minds. Over eight years, 260 adolescents were observed, revealing a surprising link between high screen time and improved cognitive abilities. But the results depend on how screen time is measured.<\/p>\n<p>The study, part of the PANIC project, used both self-reported data and objective tracking. When adolescents reported their own screen habits, higher usage correlated with better cognitive skills. However, when measured by devices, no significant difference emerged. This discrepancy highlights the complexity of assessing screen time accurately, as self-declarations can be subjective or biased.<\/p>\n<p>Researchers emphasize that not all screen activities are equal. Petri Jalanko, a doctoral candidate at the University of Jyv\u00e4skyl\u00e4, urges parents and educators to focus on <em>active<\/em> screen use\u2014like problem-solving games or educational apps\u2014that stimulate creativity and critical thinking. The key, he argues, is to avoid blanket bans and instead promote balance between physical activity and mentally engaging digital content.<\/p>\n<p>In France, guidelines recommend a gradual approach to screen exposure. No screens before age 3, limited use between 3-6, and supervised access until 12. After 15, autonomy increases but remains under parental guidance. This aligns with the study&rsquo;s findings: it&rsquo;s not about eliminating screens, but ensuring they serve as tools for learning rather than passive consumption.<\/p>\n<p>As technology evolves, the challenge lies in helping teens navigate screens without compromising cognitive growth. How can parents and educators ensure that digital habits foster curiosity rather than distraction? The answer may lie in combining scientific insights with thoughtful, individualized strategies.<\/p>\n<h2>Sources<\/h2>\n<ul>\n<li><a href=\"https:\/\/www.journaldugeek.com\/2026\/08\/28\/les-ecrans-rendent-idiots-cette-croyance-tres-repandue-mise-en-doute-par-une-etude\/\" target=\"_blank\" rel=\"nofollow noopener\">Source 1<\/a><\/li>\n<\/ul>\n<p>\u00c0 tr\u00e8s vite sur <a href=\"https:\/\/eternos974.live\" target=\"_blank\" rel=\"noopener\"><strong>l\u2019EternoStation<\/strong><\/a>.<\/p>\n","protected":false},"excerpt":{"rendered":"<p>D\u00e9couvrez les r\u00e9sultats d&rsquo;une \u00e9tude finlandaise sur l&rsquo;impact des \u00e9crans sur le d\u00e9veloppement cognitif des adolescents.<\/p>\n","protected":false},"author":1,"featured_media":20231,"comment_status":"open","ping_status":"open","sticky":false,"template":"","format":"standard","meta":{"_monsterinsights_skip_tracking":false,"cybocfi_hide_featured_image":"","_jetpack_newsletter_access":"","_jetpack_dont_email_post_to_subs":false,"_jetpack_newsletter_tier_id":0,"_jetpack_memberships_contains_paywalled_content":false,"_jetpack_feature_clip_id":0,"_jetpack_memberships_contains_paid_content":false,"footnotes":"","jetpack_post_was_ever_published":false},"categories":[393],"tags":[],"class_list":["post-20230","post","type-post","status-publish","format-standard","has-post-thumbnail","hentry","category-infos"],"aioseo_notices":[],"aioseo_head":"\n\t\t<!-- All in One SEO 5.0.0.1 - aioseo.com -->\n\t<meta name=\"description\" content=\"D\u00e9couvrez les r\u00e9sultats d&#039;une \u00e9tude finlandaise sur l&#039;impact des \u00e9crans sur le d\u00e9veloppement cognitif des adolescents.\" \/>\n\t<meta name=\"robots\" content=\"max-image-preview:large\" \/>\n\t<meta name=\"author\" content=\"eternos974\"\/>\n\t<link rel=\"canonical\" href=\"https:\/\/eternos974.live\/index.php\/2026\/08\/30\/etude-sur-le-lien-entre-temps-decran-et-developpement-cognitif-chez-les-adolescents\/\" \/>\n\t<meta name=\"generator\" content=\"All in One SEO (AIOSEO) 5.0.0.1\" \/>\n\t\t<meta property=\"og:locale\" content=\"fr_FR\" \/>\n\t\t<meta property=\"og:site_name\" content=\"L&#039;EternoStation - LIVE, CHILL &amp; FUN\" \/>\n\t\t<meta property=\"og:type\" content=\"article\" \/>\n\t\t<meta property=\"og:title\" content=\"\u00c9tude sur le lien entre temps d\u2019\u00e9cran et d\u00e9veloppement cognitif chez les adolescents - L&#039;EternoStation\" \/>\n\t\t<meta property=\"og:description\" content=\"D\u00e9couvrez les r\u00e9sultats d&#039;une \u00e9tude finlandaise sur l&#039;impact des \u00e9crans sur le d\u00e9veloppement cognitif des adolescents.\" \/>\n\t\t<meta property=\"og:url\" content=\"https:\/\/eternos974.live\/index.php\/2026\/08\/30\/etude-sur-le-lien-entre-temps-decran-et-developpement-cognitif-chez-les-adolescents\/\" \/>\n\t\t<meta property=\"article:published_time\" content=\"2026-08-30T11:16:00+00:00\" \/>\n\t\t<meta property=\"article:modified_time\" content=\"2026-08-29T21:29:08+00:00\" \/>\n\t\t<meta name=\"twitter:card\" content=\"summary_large_image\" \/>\n\t\t<meta name=\"twitter:title\" content=\"\u00c9tude sur le lien entre temps d\u2019\u00e9cran et d\u00e9veloppement cognitif chez les adolescents - L&#039;EternoStation\" \/>\n\t\t<meta name=\"twitter:description\" content=\"D\u00e9couvrez les r\u00e9sultats d&#039;une \u00e9tude finlandaise sur l&#039;impact des \u00e9crans sur le d\u00e9veloppement cognitif des adolescents.\" \/>\n\t\t<script type=\"application\/ld+json\" class=\"aioseo-schema\">\n\t\t\t{\"@context\":\"https:\\\/\\\/schema.org\",\"@graph\":[{\"@type\":\"BlogPosting\",\"@id\":\"https:\\\/\\\/eternos974.live\\\/index.php\\\/2026\\\/08\\\/30\\\/etude-sur-le-lien-entre-temps-decran-et-developpement-cognitif-chez-les-adolescents\\\/#blogposting\",\"name\":\"\\u00c9tude sur le lien entre temps d\\u2019\\u00e9cran et d\\u00e9veloppement cognitif chez les adolescents - L'EternoStation\",\"headline\":\"\\u00c9tude sur le lien entre temps d&rsquo;\\u00e9cran et d\\u00e9veloppement cognitif chez les adolescents\",\"author\":{\"@id\":\"https:\\\/\\\/eternos974.live\\\/index.php\\\/author\\\/eternos974\\\/#author\"},\"publisher\":{\"@id\":\"https:\\\/\\\/eternos974.live\\\/#organization\"},\"image\":{\"@type\":\"ImageObject\",\"url\":\"https:\\\/\\\/i0.wp.com\\\/eternos974.live\\\/wp-content\\\/uploads\\\/2026\\\/08\\\/ecrans-enfants-etudes-1280x853-1.jpg?fit=1280%2C853&ssl=1\",\"width\":1280,\"height\":853},\"datePublished\":\"2026-08-30T15:16:00+04:00\",\"dateModified\":\"2026-08-30T01:29:08+04:00\",\"inLanguage\":\"fr-FR\",\"mainEntityOfPage\":{\"@id\":\"https:\\\/\\\/eternos974.live\\\/index.php\\\/2026\\\/08\\\/30\\\/etude-sur-le-lien-entre-temps-decran-et-developpement-cognitif-chez-les-adolescents\\\/#webpage\"},\"isPartOf\":{\"@id\":\"https:\\\/\\\/eternos974.live\\\/index.php\\\/2026\\\/08\\\/30\\\/etude-sur-le-lien-entre-temps-decran-et-developpement-cognitif-chez-les-adolescents\\\/#webpage\"},\"articleSection\":\"infos\"},{\"@type\":\"BreadcrumbList\",\"@id\":\"https:\\\/\\\/eternos974.live\\\/index.php\\\/2026\\\/08\\\/30\\\/etude-sur-le-lien-entre-temps-decran-et-developpement-cognitif-chez-les-adolescents\\\/#breadcrumblist\",\"itemListElement\":[{\"@type\":\"ListItem\",\"@id\":\"https:\\\/\\\/eternos974.live#listItem\",\"position\":1,\"name\":\"Domicile\",\"item\":\"https:\\\/\\\/eternos974.live\",\"nextItem\":{\"@type\":\"ListItem\",\"@id\":\"https:\\\/\\\/eternos974.live\\\/index.php\\\/category\\\/infos\\\/#listItem\",\"name\":\"infos\"}},{\"@type\":\"ListItem\",\"@id\":\"https:\\\/\\\/eternos974.live\\\/index.php\\\/category\\\/infos\\\/#listItem\",\"position\":2,\"name\":\"infos\",\"item\":\"https:\\\/\\\/eternos974.live\\\/index.php\\\/category\\\/infos\\\/\",\"nextItem\":{\"@type\":\"ListItem\",\"@id\":\"https:\\\/\\\/eternos974.live\\\/index.php\\\/2026\\\/08\\\/30\\\/etude-sur-le-lien-entre-temps-decran-et-developpement-cognitif-chez-les-adolescents\\\/#listItem\",\"name\":\"\\u00c9tude sur le lien entre temps d&rsquo;\\u00e9cran et d\\u00e9veloppement cognitif chez les adolescents\"},\"previousItem\":{\"@type\":\"ListItem\",\"@id\":\"https:\\\/\\\/eternos974.live#listItem\",\"name\":\"Domicile\"}},{\"@type\":\"ListItem\",\"@id\":\"https:\\\/\\\/eternos974.live\\\/index.php\\\/2026\\\/08\\\/30\\\/etude-sur-le-lien-entre-temps-decran-et-developpement-cognitif-chez-les-adolescents\\\/#listItem\",\"position\":3,\"name\":\"\\u00c9tude sur le lien entre temps d&rsquo;\\u00e9cran et d\\u00e9veloppement cognitif chez les adolescents\",\"previousItem\":{\"@type\":\"ListItem\",\"@id\":\"https:\\\/\\\/eternos974.live\\\/index.php\\\/category\\\/infos\\\/#listItem\",\"name\":\"infos\"}}]},{\"@type\":\"Organization\",\"@id\":\"https:\\\/\\\/eternos974.live\\\/#organization\",\"name\":\"L'EternoStation\",\"description\":\"LIVE, CHILL & FUN\",\"url\":\"https:\\\/\\\/eternos974.live\\\/\"},{\"@type\":\"Person\",\"@id\":\"https:\\\/\\\/eternos974.live\\\/index.php\\\/author\\\/eternos974\\\/#author\",\"url\":\"https:\\\/\\\/eternos974.live\\\/index.php\\\/author\\\/eternos974\\\/\",\"name\":\"eternos974\",\"image\":{\"@type\":\"ImageObject\",\"@id\":\"https:\\\/\\\/eternos974.live\\\/index.php\\\/2026\\\/08\\\/30\\\/etude-sur-le-lien-entre-temps-decran-et-developpement-cognitif-chez-les-adolescents\\\/#authorImage\",\"url\":\"https:\\\/\\\/secure.gravatar.com\\\/avatar\\\/f7141af684a779babd9913ea86616250a147cbdf2bd354aa007f434fc4dc1aff?s=96&d=mm&r=g\",\"width\":96,\"height\":96,\"caption\":\"eternos974\"}},{\"@type\":\"WebPage\",\"@id\":\"https:\\\/\\\/eternos974.live\\\/index.php\\\/2026\\\/08\\\/30\\\/etude-sur-le-lien-entre-temps-decran-et-developpement-cognitif-chez-les-adolescents\\\/#webpage\",\"url\":\"https:\\\/\\\/eternos974.live\\\/index.php\\\/2026\\\/08\\\/30\\\/etude-sur-le-lien-entre-temps-decran-et-developpement-cognitif-chez-les-adolescents\\\/\",\"name\":\"\\u00c9tude sur le lien entre temps d\\u2019\\u00e9cran et d\\u00e9veloppement cognitif chez les adolescents - L'EternoStation\",\"description\":\"D\\u00e9couvrez les r\\u00e9sultats d'une \\u00e9tude finlandaise sur l'impact des \\u00e9crans sur le d\\u00e9veloppement cognitif des adolescents.\",\"inLanguage\":\"fr-FR\",\"isPartOf\":{\"@id\":\"https:\\\/\\\/eternos974.live\\\/#website\"},\"breadcrumb\":{\"@id\":\"https:\\\/\\\/eternos974.live\\\/index.php\\\/2026\\\/08\\\/30\\\/etude-sur-le-lien-entre-temps-decran-et-developpement-cognitif-chez-les-adolescents\\\/#breadcrumblist\"},\"author\":{\"@id\":\"https:\\\/\\\/eternos974.live\\\/index.php\\\/author\\\/eternos974\\\/#author\"},\"creator\":{\"@id\":\"https:\\\/\\\/eternos974.live\\\/index.php\\\/author\\\/eternos974\\\/#author\"},\"image\":{\"@type\":\"ImageObject\",\"url\":\"https:\\\/\\\/i0.wp.com\\\/eternos974.live\\\/wp-content\\\/uploads\\\/2026\\\/08\\\/ecrans-enfants-etudes-1280x853-1.jpg?fit=1280%2C853&ssl=1\",\"@id\":\"https:\\\/\\\/eternos974.live\\\/index.php\\\/2026\\\/08\\\/30\\\/etude-sur-le-lien-entre-temps-decran-et-developpement-cognitif-chez-les-adolescents\\\/#mainImage\",\"width\":1280,\"height\":853},\"primaryImageOfPage\":{\"@id\":\"https:\\\/\\\/eternos974.live\\\/index.php\\\/2026\\\/08\\\/30\\\/etude-sur-le-lien-entre-temps-decran-et-developpement-cognitif-chez-les-adolescents\\\/#mainImage\"},\"datePublished\":\"2026-08-30T15:16:00+04:00\",\"dateModified\":\"2026-08-30T01:29:08+04:00\"},{\"@type\":\"WebSite\",\"@id\":\"https:\\\/\\\/eternos974.live\\\/#website\",\"url\":\"https:\\\/\\\/eternos974.live\\\/\",\"name\":\"L'EternoStation\",\"description\":\"LIVE, CHILL & FUN\",\"inLanguage\":\"fr-FR\",\"publisher\":{\"@id\":\"https:\\\/\\\/eternos974.live\\\/#organization\"}}]}\n\t\t<\/script>\n\t\t<!-- All in One SEO -->\n\n","aioseo_head_json":{"title":"\u00c9tude sur le lien entre temps d\u2019\u00e9cran et d\u00e9veloppement cognitif chez les adolescents - L'EternoStation","description":"D\u00e9couvrez les r\u00e9sultats d'une \u00e9tude finlandaise sur l'impact des \u00e9crans sur le d\u00e9veloppement cognitif des adolescents.","canonical_url":"https:\/\/eternos974.live\/index.php\/2026\/08\/30\/etude-sur-le-lien-entre-temps-decran-et-developpement-cognitif-chez-les-adolescents\/","robots":"max-image-preview:large","keywords":"","webmasterTools":{"miscellaneous":""},"schema":{"@context":"https:\/\/schema.org","@graph":[{"@type":"BlogPosting","@id":"https:\/\/eternos974.live\/index.php\/2026\/08\/30\/etude-sur-le-lien-entre-temps-decran-et-developpement-cognitif-chez-les-adolescents\/#blogposting","name":"\u00c9tude sur le lien entre temps d\u2019\u00e9cran et d\u00e9veloppement cognitif chez les adolescents - L'EternoStation","headline":"\u00c9tude sur le lien entre temps d&rsquo;\u00e9cran et d\u00e9veloppement cognitif chez les adolescents","author":{"@id":"https:\/\/eternos974.live\/index.php\/author\/eternos974\/#author"},"publisher":{"@id":"https:\/\/eternos974.live\/#organization"},"image":{"@type":"ImageObject","url":"https:\/\/i0.wp.com\/eternos974.live\/wp-content\/uploads\/2026\/08\/ecrans-enfants-etudes-1280x853-1.jpg?fit=1280%2C853&ssl=1","width":1280,"height":853},"datePublished":"2026-08-30T15:16:00+04:00","dateModified":"2026-08-30T01:29:08+04:00","inLanguage":"fr-FR","mainEntityOfPage":{"@id":"https:\/\/eternos974.live\/index.php\/2026\/08\/30\/etude-sur-le-lien-entre-temps-decran-et-developpement-cognitif-chez-les-adolescents\/#webpage"},"isPartOf":{"@id":"https:\/\/eternos974.live\/index.php\/2026\/08\/30\/etude-sur-le-lien-entre-temps-decran-et-developpement-cognitif-chez-les-adolescents\/#webpage"},"articleSection":"infos"},{"@type":"BreadcrumbList","@id":"https:\/\/eternos974.live\/index.php\/2026\/08\/30\/etude-sur-le-lien-entre-temps-decran-et-developpement-cognitif-chez-les-adolescents\/#breadcrumblist","itemListElement":[{"@type":"ListItem","@id":"https:\/\/eternos974.live#listItem","position":1,"name":"Domicile","item":"https:\/\/eternos974.live","nextItem":{"@type":"ListItem","@id":"https:\/\/eternos974.live\/index.php\/category\/infos\/#listItem","name":"infos"}},{"@type":"ListItem","@id":"https:\/\/eternos974.live\/index.php\/category\/infos\/#listItem","position":2,"name":"infos","item":"https:\/\/eternos974.live\/index.php\/category\/infos\/","nextItem":{"@type":"ListItem","@id":"https:\/\/eternos974.live\/index.php\/2026\/08\/30\/etude-sur-le-lien-entre-temps-decran-et-developpement-cognitif-chez-les-adolescents\/#listItem","name":"\u00c9tude sur le lien entre temps d&rsquo;\u00e9cran et d\u00e9veloppement cognitif chez les adolescents"},"previousItem":{"@type":"ListItem","@id":"https:\/\/eternos974.live#listItem","name":"Domicile"}},{"@type":"ListItem","@id":"https:\/\/eternos974.live\/index.php\/2026\/08\/30\/etude-sur-le-lien-entre-temps-decran-et-developpement-cognitif-chez-les-adolescents\/#listItem","position":3,"name":"\u00c9tude sur le lien entre temps d&rsquo;\u00e9cran et d\u00e9veloppement cognitif chez les adolescents","previousItem":{"@type":"ListItem","@id":"https:\/\/eternos974.live\/index.php\/category\/infos\/#listItem","name":"infos"}}]},{"@type":"Organization","@id":"https:\/\/eternos974.live\/#organization","name":"L'EternoStation","description":"LIVE, CHILL & FUN","url":"https:\/\/eternos974.live\/"},{"@type":"Person","@id":"https:\/\/eternos974.live\/index.php\/author\/eternos974\/#author","url":"https:\/\/eternos974.live\/index.php\/author\/eternos974\/","name":"eternos974","image":{"@type":"ImageObject","@id":"https:\/\/eternos974.live\/index.php\/2026\/08\/30\/etude-sur-le-lien-entre-temps-decran-et-developpement-cognitif-chez-les-adolescents\/#authorImage","url":"https:\/\/secure.gravatar.com\/avatar\/f7141af684a779babd9913ea86616250a147cbdf2bd354aa007f434fc4dc1aff?s=96&d=mm&r=g","width":96,"height":96,"caption":"eternos974"}},{"@type":"WebPage","@id":"https:\/\/eternos974.live\/index.php\/2026\/08\/30\/etude-sur-le-lien-entre-temps-decran-et-developpement-cognitif-chez-les-adolescents\/#webpage","url":"https:\/\/eternos974.live\/index.php\/2026\/08\/30\/etude-sur-le-lien-entre-temps-decran-et-developpement-cognitif-chez-les-adolescents\/","name":"\u00c9tude sur le lien entre temps d\u2019\u00e9cran et d\u00e9veloppement cognitif chez les adolescents - L'EternoStation","description":"D\u00e9couvrez les r\u00e9sultats d'une \u00e9tude finlandaise sur l'impact des \u00e9crans sur le d\u00e9veloppement cognitif des adolescents.","inLanguage":"fr-FR","isPartOf":{"@id":"https:\/\/eternos974.live\/#website"},"breadcrumb":{"@id":"https:\/\/eternos974.live\/index.php\/2026\/08\/30\/etude-sur-le-lien-entre-temps-decran-et-developpement-cognitif-chez-les-adolescents\/#breadcrumblist"},"author":{"@id":"https:\/\/eternos974.live\/index.php\/author\/eternos974\/#author"},"creator":{"@id":"https:\/\/eternos974.live\/index.php\/author\/eternos974\/#author"},"image":{"@type":"ImageObject","url":"https:\/\/i0.wp.com\/eternos974.live\/wp-content\/uploads\/2026\/08\/ecrans-enfants-etudes-1280x853-1.jpg?fit=1280%2C853&ssl=1","@id":"https:\/\/eternos974.live\/index.php\/2026\/08\/30\/etude-sur-le-lien-entre-temps-decran-et-developpement-cognitif-chez-les-adolescents\/#mainImage","width":1280,"height":853},"primaryImageOfPage":{"@id":"https:\/\/eternos974.live\/index.php\/2026\/08\/30\/etude-sur-le-lien-entre-temps-decran-et-developpement-cognitif-chez-les-adolescents\/#mainImage"},"datePublished":"2026-08-30T15:16:00+04:00","dateModified":"2026-08-30T01:29:08+04:00"},{"@type":"WebSite","@id":"https:\/\/eternos974.live\/#website","url":"https:\/\/eternos974.live\/","name":"L'EternoStation","description":"LIVE, CHILL & FUN","inLanguage":"fr-FR","publisher":{"@id":"https:\/\/eternos974.live\/#organization"}}]},"og:locale":"fr_FR","og:site_name":"L'EternoStation - LIVE, CHILL &amp; FUN","og:type":"article","og:title":"\u00c9tude sur le lien entre temps d\u2019\u00e9cran et d\u00e9veloppement cognitif chez les adolescents - L'EternoStation","og:description":"D\u00e9couvrez les r\u00e9sultats d'une \u00e9tude finlandaise sur l'impact des \u00e9crans sur le d\u00e9veloppement cognitif des adolescents.","og:url":"https:\/\/eternos974.live\/index.php\/2026\/08\/30\/etude-sur-le-lien-entre-temps-decran-et-developpement-cognitif-chez-les-adolescents\/","article:published_time":"2026-08-30T11:16:00+00:00","article:modified_time":"2026-08-29T21:29:08+00:00","twitter:card":"summary_large_image","twitter:title":"\u00c9tude sur le lien entre temps d\u2019\u00e9cran et d\u00e9veloppement cognitif chez les adolescents - L'EternoStation","twitter:description":"D\u00e9couvrez les r\u00e9sultats d'une \u00e9tude finlandaise sur l'impact des \u00e9crans sur le d\u00e9veloppement cognitif des adolescents."},"aioseo_meta_data":{"post_id":"20230","title":null,"description":null,"keywords":null,"keyphrases":null,"primary_term":null,"canonical_url":null,"og_title":null,"og_description":null,"og_object_type":"default","og_image_type":"default","og_image_url":null,"og_image_width":null,"og_image_height":null,"og_image_custom_url":null,"og_image_custom_fields":null,"og_video":null,"og_custom_url":null,"og_article_section":null,"og_article_tags":null,"twitter_use_og":false,"twitter_card":"default","twitter_image_type":"default","twitter_image_url":null,"twitter_image_custom_url":null,"twitter_image_custom_fields":null,"twitter_title":null,"twitter_description":null,"schema":{"blockGraphs":[],"customGraphs":[],"default":{"data":{"Article":[],"Course":[],"Dataset":[],"FAQPage":[],"Movie":[],"Person":[],"Product":[],"ProductReview":[],"Car":[],"Recipe":[],"Service":[],"SoftwareApplication":[],"WebPage":[]},"graphName":"","isEnabled":true},"graphs":[]},"schema_type":"default","schema_type_options":null,"pillar_content":false,"robots_default":true,"robots_noindex":false,"robots_noarchive":false,"robots_nosnippet":false,"robots_nofollow":false,"robots_noimageindex":false,"robots_noodp":false,"robots_notranslate":false,"robots_max_snippet":null,"robots_max_videopreview":null,"robots_max_imagepreview":"large","priority":null,"frequency":null,"local_seo":null,"breadcrumb_settings":null,"limit_modified_date":false,"ai":null,"created":"2026-08-30 11:39:18","updated":"2026-08-30 11:39:18","seo_analyzer_scan_date":null,"focus_keyword":null,"additional_keywords":null,"truseo_locale":null},"aioseo_breadcrumb":"<div class=\"aioseo-breadcrumbs\"><span class=\"aioseo-breadcrumb\">\n\t\t\t<a href=\"https:\/\/eternos974.live\" title=\"Domicile\">Domicile<\/a>\n\t\t<\/span><span class=\"aioseo-breadcrumb-separator\">&raquo;<\/span><span class=\"aioseo-breadcrumb\">\n\t\t\t<a href=\"https:\/\/eternos974.live\/index.php\/category\/infos\/\" title=\"infos\">infos<\/a>\n\t\t<\/span><span class=\"aioseo-breadcrumb-separator\">&raquo;<\/span><span class=\"aioseo-breadcrumb\">\n\t\t\t\u00c9tude sur le lien entre temps d\u2019\u00e9cran et d\u00e9veloppement cognitif chez les adolescents\n\t\t<\/span><\/div>","aioseo_breadcrumb_json":[{"label":"Domicile","link":"https:\/\/eternos974.live"},{"label":"infos","link":"https:\/\/eternos974.live\/index.php\/category\/infos\/"},{"label":"\u00c9tude sur le lien entre temps d&rsquo;\u00e9cran et d\u00e9veloppement cognitif chez les adolescents","link":"https:\/\/eternos974.live\/index.php\/2026\/08\/30\/etude-sur-le-lien-entre-temps-decran-et-developpement-cognitif-chez-les-adolescents\/"}],"jetpack_featured_media_url":"https:\/\/i0.wp.com\/eternos974.live\/wp-content\/uploads\/2026\/08\/ecrans-enfants-etudes-1280x853-1.jpg?fit=1280%2C853&ssl=1","jetpack-related-posts":[],"jetpack_sharing_enabled":true,"_links":{"self":[{"href":"https:\/\/eternos974.live\/index.php\/wp-json\/wp\/v2\/posts\/20230","targetHints":{"allow":["GET"]}}],"collection":[{"href":"https:\/\/eternos974.live\/index.php\/wp-json\/wp\/v2\/posts"}],"about":[{"href":"https:\/\/eternos974.live\/index.php\/wp-json\/wp\/v2\/types\/post"}],"author":[{"embeddable":true,"href":"https:\/\/eternos974.live\/index.php\/wp-json\/wp\/v2\/users\/1"}],"replies":[{"embeddable":true,"href":"https:\/\/eternos974.live\/index.php\/wp-json\/wp\/v2\/comments?post=20230"}],"version-history":[{"count":1,"href":"https:\/\/eternos974.live\/index.php\/wp-json\/wp\/v2\/posts\/20230\/revisions"}],"predecessor-version":[{"id":20232,"href":"https:\/\/eternos974.live\/index.php\/wp-json\/wp\/v2\/posts\/20230\/revisions\/20232"}],"wp:featuredmedia":[{"embeddable":true,"href":"https:\/\/eternos974.live\/index.php\/wp-json\/wp\/v2\/media\/20231"}],"wp:attachment":[{"href":"https:\/\/eternos974.live\/index.php\/wp-json\/wp\/v2\/media?parent=20230"}],"wp:term":[{"taxonomy":"category","embeddable":true,"href":"https:\/\/eternos974.live\/index.php\/wp-json\/wp\/v2\/categories?post=20230"},{"taxonomy":"post_tag","embeddable":true,"href":"https:\/\/eternos974.live\/index.php\/wp-json\/wp\/v2\/tags?post=20230"}],"curies":[{"name":"wp","href":"https:\/\/api.w.org\/{rel}","templated":true}]}}