{"id":20292,"date":"2026-09-01T15:25:00","date_gmt":"2026-09-01T11:25:00","guid":{"rendered":"https:\/\/eternos974.live\/?p=20292"},"modified":"2026-08-31T22:58:03","modified_gmt":"2026-08-31T18:58:03","slug":"lintelligence-artificielle-entre-en-classe-de-seconde-en-2027-entre-revolution-pedagogique-et-debats-ethiques","status":"publish","type":"post","link":"https:\/\/eternos974.live\/index.php\/2026\/09\/01\/lintelligence-artificielle-entre-en-classe-de-seconde-en-2027-entre-revolution-pedagogique-et-debats-ethiques\/","title":{"rendered":"L&rsquo;intelligence artificielle entre en classe de seconde en 2027 : entre r\u00e9volution p\u00e9dagogique et d\u00e9bats \u00e9thiques"},"content":{"rendered":"<p>La rentr\u00e9e 2027 pourrait marquer un tournant inattendu dans l&rsquo;\u00e9ducation fran\u00e7aise : l&rsquo;intelligence artificielle (IA) va bel et bien s&rsquo;installer en classe de seconde. Une heure hebdomadaire, int\u00e9gr\u00e9e au cours de sciences num\u00e9riques et technologie, sera consacr\u00e9e \u00e0 comprendre les enjeux de cette r\u00e9volution technologique. Mais derri\u00e8re cette promesse de \u00ab ma\u00eetrise \u00bb de l&rsquo;IA, des questions restent en suspens.<\/p>\n<p>Le Premier ministre, S\u00e9bastien Lecornu, a pr\u00e9sent\u00e9 cette mesure comme une \u00ab r\u00e9volution \u00bb lors de VivaTech. Son objectif ? Donner aux \u00e9l\u00e8ves les \u00ab cl\u00e9s pour comprendre et donc la ma\u00eetriser \u00bb. Le programme abordera le fonctionnement des mod\u00e8les d&rsquo;IA, leurs usages quotidiens, la souverainet\u00e9 num\u00e9rique, le d\u00e9veloppement de l&rsquo;esprit critique face aux fausses informations, et les dilemmes \u00e9thiques. Mais cette approche, si ambitieuse soit-elle, rappelle un pr\u00e9c\u00e9dent peu appliqu\u00e9 : en 2025, une initiative similaire avait \u00e9t\u00e9 lanc\u00e9e pour les \u00e9l\u00e8ves de quatri\u00e8me et de seconde, sans succ\u00e8s tangible. Un rappel que les bonnes intentions ne suffisent pas toujours \u00e0 transformer les id\u00e9es en r\u00e9alit\u00e9.<\/p>\n<p>Les enseignants, quant \u00e0 eux, restent prudents. Sophie V\u00e9n\u00e9titay, du Snes-FSU, souligne que l&rsquo;\u00e9cole a un r\u00f4le crucial : \u00ab apporter une vision r\u00e9fl\u00e9chie de l&rsquo;IA \u00bb. Mais elle met en garde contre un risque paradoxal : la surexposition \u00e0 l&rsquo;IA. Si les \u00e9l\u00e8ves doivent apprendre \u00e0 la d\u00e9crypter, comment \u00e9viter qu&rsquo;elle ne devienne un outil de manipulation ou une source de d\u00e9pendance ? La question de l&rsquo;\u00e9quilibre entre innovation et vigilance \u00e9ducative se pose avec acuit\u00e9.<\/p>\n<p>Le contexte politique n&rsquo;arrange rien. Les \u00e9lections pr\u00e9sidentielles, \u00e0 venir d&rsquo;ici la rentr\u00e9e 2027, pourraient influencer la mise en \u0153uvre de cette mesure. Et si la r\u00e9forme est adopt\u00e9e, comment s&rsquo;int\u00e9grera-t-elle dans un programme d\u00e9j\u00e0 charg\u00e9 ? L&rsquo;heure suppl\u00e9mentaire sera-t-elle un ajout ou une substitution ? Les enseignants, d\u00e9j\u00e0 surcharg\u00e9s, redoutent une pression suppl\u00e9mentaire. Pourtant, certains voient en cette initiative une opportunit\u00e9 : former les g\u00e9n\u00e9rations futures \u00e0 un monde o\u00f9 l&rsquo;IA est omnipr\u00e9sente, sans les laisser submerg\u00e9s.<\/p>\n<p>Reste \u00e0 savoir si cette heure de cours marquera un tournant ou restera une promesse non tenue. La France a-t-elle les moyens de transformer cette ambition en pratique ? Et si l&rsquo;IA, si utile, devient un miroir de nos propres choix \u00e9ducatifs ? La r\u00e9ponse, comme toujours, d\u00e9pendra de la volont\u00e9 collective de faire mieux que le pass\u00e9.<\/p>\n<h2>Sources<\/h2>\n<ul>\n<li><a href=\"https:\/\/www.journaldugeek.com\/2026\/08\/31\/rentree-2027-lia-sinvite-au-coeur-du-programme-de-la-seconde\/\" target=\"_blank\" rel=\"nofollow noopener\">Source 1<\/a><\/li>\n<\/ul>\n<p>\u00c0 tr\u00e8s vite sur <a href=\"https:\/\/eternos974.live\" target=\"_blank\" rel=\"noopener\"><strong>l\u2019EternoStation<\/strong><\/a>.<\/p>\n","protected":false},"excerpt":{"rendered":"<p>En 2027, l&rsquo;IA entre en classe de seconde : objectifs p\u00e9dagogiques, enjeux \u00e9thiques et d\u00e9bats autour de la surexposition.<\/p>\n","protected":false},"author":1,"featured_media":20293,"comment_status":"open","ping_status":"open","sticky":false,"template":"","format":"standard","meta":{"_monsterinsights_skip_tracking":false,"cybocfi_hide_featured_image":"","_jetpack_newsletter_access":"","_jetpack_dont_email_post_to_subs":false,"_jetpack_newsletter_tier_id":0,"_jetpack_memberships_contains_paywalled_content":false,"_jetpack_feature_clip_id":0,"_jetpack_memberships_contains_paid_content":false,"footnotes":"","jetpack_post_was_ever_published":false},"categories":[393],"tags":[],"class_list":["post-20292","post","type-post","status-publish","format-standard","has-post-thumbnail","hentry","category-infos"],"aioseo_notices":[],"aioseo_head":"\n\t\t<!-- All in One SEO 5.0.0.1 - aioseo.com -->\n\t<meta name=\"description\" content=\"En 2027, l&#039;IA entre en classe de seconde : objectifs p\u00e9dagogiques, enjeux \u00e9thiques et d\u00e9bats autour de la surexposition.\" \/>\n\t<meta name=\"robots\" content=\"max-image-preview:large\" \/>\n\t<meta name=\"author\" content=\"eternos974\"\/>\n\t<link rel=\"canonical\" href=\"https:\/\/eternos974.live\/index.php\/2026\/09\/01\/lintelligence-artificielle-entre-en-classe-de-seconde-en-2027-entre-revolution-pedagogique-et-debats-ethiques\/\" \/>\n\t<meta name=\"generator\" content=\"All in One SEO (AIOSEO) 5.0.0.1\" \/>\n\t\t<meta property=\"og:locale\" content=\"fr_FR\" \/>\n\t\t<meta property=\"og:site_name\" content=\"L&#039;EternoStation - LIVE, CHILL &amp; FUN\" \/>\n\t\t<meta property=\"og:type\" content=\"article\" \/>\n\t\t<meta property=\"og:title\" content=\"L\u2019intelligence artificielle entre en classe de seconde en 2027 : entre r\u00e9volution p\u00e9dagogique et d\u00e9bats \u00e9thiques - L&#039;EternoStation\" \/>\n\t\t<meta property=\"og:description\" content=\"En 2027, l&#039;IA entre en classe de seconde : objectifs p\u00e9dagogiques, enjeux \u00e9thiques et d\u00e9bats autour de la surexposition.\" \/>\n\t\t<meta property=\"og:url\" content=\"https:\/\/eternos974.live\/index.php\/2026\/09\/01\/lintelligence-artificielle-entre-en-classe-de-seconde-en-2027-entre-revolution-pedagogique-et-debats-ethiques\/\" \/>\n\t\t<meta property=\"article:published_time\" content=\"2026-09-01T11:25:00+00:00\" \/>\n\t\t<meta property=\"article:modified_time\" content=\"2026-08-31T18:58:03+00:00\" \/>\n\t\t<meta name=\"twitter:card\" content=\"summary_large_image\" \/>\n\t\t<meta name=\"twitter:title\" content=\"L\u2019intelligence artificielle entre en classe de seconde en 2027 : entre r\u00e9volution p\u00e9dagogique et d\u00e9bats \u00e9thiques - L&#039;EternoStation\" \/>\n\t\t<meta name=\"twitter:description\" content=\"En 2027, l&#039;IA entre en classe de seconde : objectifs p\u00e9dagogiques, enjeux \u00e9thiques et d\u00e9bats autour de la surexposition.\" \/>\n\t\t<script type=\"application\/ld+json\" class=\"aioseo-schema\">\n\t\t\t{\"@context\":\"https:\\\/\\\/schema.org\",\"@graph\":[{\"@type\":\"BlogPosting\",\"@id\":\"https:\\\/\\\/eternos974.live\\\/index.php\\\/2026\\\/09\\\/01\\\/lintelligence-artificielle-entre-en-classe-de-seconde-en-2027-entre-revolution-pedagogique-et-debats-ethiques\\\/#blogposting\",\"name\":\"L\\u2019intelligence artificielle entre en classe de seconde en 2027 : entre r\\u00e9volution p\\u00e9dagogique et d\\u00e9bats \\u00e9thiques - L'EternoStation\",\"headline\":\"L&rsquo;intelligence artificielle entre en classe de seconde en 2027 : entre r\\u00e9volution p\\u00e9dagogique et d\\u00e9bats \\u00e9thiques\",\"author\":{\"@id\":\"https:\\\/\\\/eternos974.live\\\/index.php\\\/author\\\/eternos974\\\/#author\"},\"publisher\":{\"@id\":\"https:\\\/\\\/eternos974.live\\\/#organization\"},\"image\":{\"@type\":\"ImageObject\",\"url\":\"https:\\\/\\\/i0.wp.com\\\/eternos974.live\\\/wp-content\\\/uploads\\\/2026\\\/08\\\/IA-eleves-de-seconde-1280x853-1.jpg?fit=1280%2C853&ssl=1\",\"width\":1280,\"height\":853},\"datePublished\":\"2026-09-01T15:25:00+04:00\",\"dateModified\":\"2026-08-31T22:58:03+04:00\",\"inLanguage\":\"fr-FR\",\"mainEntityOfPage\":{\"@id\":\"https:\\\/\\\/eternos974.live\\\/index.php\\\/2026\\\/09\\\/01\\\/lintelligence-artificielle-entre-en-classe-de-seconde-en-2027-entre-revolution-pedagogique-et-debats-ethiques\\\/#webpage\"},\"isPartOf\":{\"@id\":\"https:\\\/\\\/eternos974.live\\\/index.php\\\/2026\\\/09\\\/01\\\/lintelligence-artificielle-entre-en-classe-de-seconde-en-2027-entre-revolution-pedagogique-et-debats-ethiques\\\/#webpage\"},\"articleSection\":\"infos\"},{\"@type\":\"BreadcrumbList\",\"@id\":\"https:\\\/\\\/eternos974.live\\\/index.php\\\/2026\\\/09\\\/01\\\/lintelligence-artificielle-entre-en-classe-de-seconde-en-2027-entre-revolution-pedagogique-et-debats-ethiques\\\/#breadcrumblist\",\"itemListElement\":[{\"@type\":\"ListItem\",\"@id\":\"https:\\\/\\\/eternos974.live#listItem\",\"position\":1,\"name\":\"Domicile\",\"item\":\"https:\\\/\\\/eternos974.live\",\"nextItem\":{\"@type\":\"ListItem\",\"@id\":\"https:\\\/\\\/eternos974.live\\\/index.php\\\/category\\\/infos\\\/#listItem\",\"name\":\"infos\"}},{\"@type\":\"ListItem\",\"@id\":\"https:\\\/\\\/eternos974.live\\\/index.php\\\/category\\\/infos\\\/#listItem\",\"position\":2,\"name\":\"infos\",\"item\":\"https:\\\/\\\/eternos974.live\\\/index.php\\\/category\\\/infos\\\/\",\"nextItem\":{\"@type\":\"ListItem\",\"@id\":\"https:\\\/\\\/eternos974.live\\\/index.php\\\/2026\\\/09\\\/01\\\/lintelligence-artificielle-entre-en-classe-de-seconde-en-2027-entre-revolution-pedagogique-et-debats-ethiques\\\/#listItem\",\"name\":\"L&rsquo;intelligence artificielle entre en classe de seconde en 2027 : entre r\\u00e9volution p\\u00e9dagogique et d\\u00e9bats \\u00e9thiques\"},\"previousItem\":{\"@type\":\"ListItem\",\"@id\":\"https:\\\/\\\/eternos974.live#listItem\",\"name\":\"Domicile\"}},{\"@type\":\"ListItem\",\"@id\":\"https:\\\/\\\/eternos974.live\\\/index.php\\\/2026\\\/09\\\/01\\\/lintelligence-artificielle-entre-en-classe-de-seconde-en-2027-entre-revolution-pedagogique-et-debats-ethiques\\\/#listItem\",\"position\":3,\"name\":\"L&rsquo;intelligence artificielle entre en classe de seconde en 2027 : entre r\\u00e9volution p\\u00e9dagogique et d\\u00e9bats \\u00e9thiques\",\"previousItem\":{\"@type\":\"ListItem\",\"@id\":\"https:\\\/\\\/eternos974.live\\\/index.php\\\/category\\\/infos\\\/#listItem\",\"name\":\"infos\"}}]},{\"@type\":\"Organization\",\"@id\":\"https:\\\/\\\/eternos974.live\\\/#organization\",\"name\":\"L'EternoStation\",\"description\":\"LIVE, CHILL & FUN\",\"url\":\"https:\\\/\\\/eternos974.live\\\/\"},{\"@type\":\"Person\",\"@id\":\"https:\\\/\\\/eternos974.live\\\/index.php\\\/author\\\/eternos974\\\/#author\",\"url\":\"https:\\\/\\\/eternos974.live\\\/index.php\\\/author\\\/eternos974\\\/\",\"name\":\"eternos974\",\"image\":{\"@type\":\"ImageObject\",\"@id\":\"https:\\\/\\\/eternos974.live\\\/index.php\\\/2026\\\/09\\\/01\\\/lintelligence-artificielle-entre-en-classe-de-seconde-en-2027-entre-revolution-pedagogique-et-debats-ethiques\\\/#authorImage\",\"url\":\"https:\\\/\\\/secure.gravatar.com\\\/avatar\\\/f7141af684a779babd9913ea86616250a147cbdf2bd354aa007f434fc4dc1aff?s=96&d=mm&r=g\",\"width\":96,\"height\":96,\"caption\":\"eternos974\"}},{\"@type\":\"WebPage\",\"@id\":\"https:\\\/\\\/eternos974.live\\\/index.php\\\/2026\\\/09\\\/01\\\/lintelligence-artificielle-entre-en-classe-de-seconde-en-2027-entre-revolution-pedagogique-et-debats-ethiques\\\/#webpage\",\"url\":\"https:\\\/\\\/eternos974.live\\\/index.php\\\/2026\\\/09\\\/01\\\/lintelligence-artificielle-entre-en-classe-de-seconde-en-2027-entre-revolution-pedagogique-et-debats-ethiques\\\/\",\"name\":\"L\\u2019intelligence artificielle entre en classe de seconde en 2027 : entre r\\u00e9volution p\\u00e9dagogique et d\\u00e9bats \\u00e9thiques - L'EternoStation\",\"description\":\"En 2027, l'IA entre en classe de seconde : objectifs p\\u00e9dagogiques, enjeux \\u00e9thiques et d\\u00e9bats autour de la surexposition.\",\"inLanguage\":\"fr-FR\",\"isPartOf\":{\"@id\":\"https:\\\/\\\/eternos974.live\\\/#website\"},\"breadcrumb\":{\"@id\":\"https:\\\/\\\/eternos974.live\\\/index.php\\\/2026\\\/09\\\/01\\\/lintelligence-artificielle-entre-en-classe-de-seconde-en-2027-entre-revolution-pedagogique-et-debats-ethiques\\\/#breadcrumblist\"},\"author\":{\"@id\":\"https:\\\/\\\/eternos974.live\\\/index.php\\\/author\\\/eternos974\\\/#author\"},\"creator\":{\"@id\":\"https:\\\/\\\/eternos974.live\\\/index.php\\\/author\\\/eternos974\\\/#author\"},\"image\":{\"@type\":\"ImageObject\",\"url\":\"https:\\\/\\\/i0.wp.com\\\/eternos974.live\\\/wp-content\\\/uploads\\\/2026\\\/08\\\/IA-eleves-de-seconde-1280x853-1.jpg?fit=1280%2C853&ssl=1\",\"@id\":\"https:\\\/\\\/eternos974.live\\\/index.php\\\/2026\\\/09\\\/01\\\/lintelligence-artificielle-entre-en-classe-de-seconde-en-2027-entre-revolution-pedagogique-et-debats-ethiques\\\/#mainImage\",\"width\":1280,\"height\":853},\"primaryImageOfPage\":{\"@id\":\"https:\\\/\\\/eternos974.live\\\/index.php\\\/2026\\\/09\\\/01\\\/lintelligence-artificielle-entre-en-classe-de-seconde-en-2027-entre-revolution-pedagogique-et-debats-ethiques\\\/#mainImage\"},\"datePublished\":\"2026-09-01T15:25:00+04:00\",\"dateModified\":\"2026-08-31T22:58:03+04:00\"},{\"@type\":\"WebSite\",\"@id\":\"https:\\\/\\\/eternos974.live\\\/#website\",\"url\":\"https:\\\/\\\/eternos974.live\\\/\",\"name\":\"L'EternoStation\",\"description\":\"LIVE, CHILL & FUN\",\"inLanguage\":\"fr-FR\",\"publisher\":{\"@id\":\"https:\\\/\\\/eternos974.live\\\/#organization\"}}]}\n\t\t<\/script>\n\t\t<!-- All in One SEO -->\n\n","aioseo_head_json":{"title":"L\u2019intelligence artificielle entre en classe de seconde en 2027 : entre r\u00e9volution p\u00e9dagogique et d\u00e9bats \u00e9thiques - L'EternoStation","description":"En 2027, l'IA entre en classe de seconde : objectifs p\u00e9dagogiques, enjeux \u00e9thiques et d\u00e9bats autour de la surexposition.","canonical_url":"https:\/\/eternos974.live\/index.php\/2026\/09\/01\/lintelligence-artificielle-entre-en-classe-de-seconde-en-2027-entre-revolution-pedagogique-et-debats-ethiques\/","robots":"max-image-preview:large","keywords":"","webmasterTools":{"miscellaneous":""},"schema":{"@context":"https:\/\/schema.org","@graph":[{"@type":"BlogPosting","@id":"https:\/\/eternos974.live\/index.php\/2026\/09\/01\/lintelligence-artificielle-entre-en-classe-de-seconde-en-2027-entre-revolution-pedagogique-et-debats-ethiques\/#blogposting","name":"L\u2019intelligence artificielle entre en classe de seconde en 2027 : entre r\u00e9volution p\u00e9dagogique et d\u00e9bats \u00e9thiques - L'EternoStation","headline":"L&rsquo;intelligence artificielle entre en classe de seconde en 2027 : entre r\u00e9volution p\u00e9dagogique et d\u00e9bats \u00e9thiques","author":{"@id":"https:\/\/eternos974.live\/index.php\/author\/eternos974\/#author"},"publisher":{"@id":"https:\/\/eternos974.live\/#organization"},"image":{"@type":"ImageObject","url":"https:\/\/i0.wp.com\/eternos974.live\/wp-content\/uploads\/2026\/08\/IA-eleves-de-seconde-1280x853-1.jpg?fit=1280%2C853&ssl=1","width":1280,"height":853},"datePublished":"2026-09-01T15:25:00+04:00","dateModified":"2026-08-31T22:58:03+04:00","inLanguage":"fr-FR","mainEntityOfPage":{"@id":"https:\/\/eternos974.live\/index.php\/2026\/09\/01\/lintelligence-artificielle-entre-en-classe-de-seconde-en-2027-entre-revolution-pedagogique-et-debats-ethiques\/#webpage"},"isPartOf":{"@id":"https:\/\/eternos974.live\/index.php\/2026\/09\/01\/lintelligence-artificielle-entre-en-classe-de-seconde-en-2027-entre-revolution-pedagogique-et-debats-ethiques\/#webpage"},"articleSection":"infos"},{"@type":"BreadcrumbList","@id":"https:\/\/eternos974.live\/index.php\/2026\/09\/01\/lintelligence-artificielle-entre-en-classe-de-seconde-en-2027-entre-revolution-pedagogique-et-debats-ethiques\/#breadcrumblist","itemListElement":[{"@type":"ListItem","@id":"https:\/\/eternos974.live#listItem","position":1,"name":"Domicile","item":"https:\/\/eternos974.live","nextItem":{"@type":"ListItem","@id":"https:\/\/eternos974.live\/index.php\/category\/infos\/#listItem","name":"infos"}},{"@type":"ListItem","@id":"https:\/\/eternos974.live\/index.php\/category\/infos\/#listItem","position":2,"name":"infos","item":"https:\/\/eternos974.live\/index.php\/category\/infos\/","nextItem":{"@type":"ListItem","@id":"https:\/\/eternos974.live\/index.php\/2026\/09\/01\/lintelligence-artificielle-entre-en-classe-de-seconde-en-2027-entre-revolution-pedagogique-et-debats-ethiques\/#listItem","name":"L&rsquo;intelligence artificielle entre en classe de seconde en 2027 : entre r\u00e9volution p\u00e9dagogique et d\u00e9bats \u00e9thiques"},"previousItem":{"@type":"ListItem","@id":"https:\/\/eternos974.live#listItem","name":"Domicile"}},{"@type":"ListItem","@id":"https:\/\/eternos974.live\/index.php\/2026\/09\/01\/lintelligence-artificielle-entre-en-classe-de-seconde-en-2027-entre-revolution-pedagogique-et-debats-ethiques\/#listItem","position":3,"name":"L&rsquo;intelligence artificielle entre en classe de seconde en 2027 : entre r\u00e9volution p\u00e9dagogique et d\u00e9bats \u00e9thiques","previousItem":{"@type":"ListItem","@id":"https:\/\/eternos974.live\/index.php\/category\/infos\/#listItem","name":"infos"}}]},{"@type":"Organization","@id":"https:\/\/eternos974.live\/#organization","name":"L'EternoStation","description":"LIVE, CHILL & FUN","url":"https:\/\/eternos974.live\/"},{"@type":"Person","@id":"https:\/\/eternos974.live\/index.php\/author\/eternos974\/#author","url":"https:\/\/eternos974.live\/index.php\/author\/eternos974\/","name":"eternos974","image":{"@type":"ImageObject","@id":"https:\/\/eternos974.live\/index.php\/2026\/09\/01\/lintelligence-artificielle-entre-en-classe-de-seconde-en-2027-entre-revolution-pedagogique-et-debats-ethiques\/#authorImage","url":"https:\/\/secure.gravatar.com\/avatar\/f7141af684a779babd9913ea86616250a147cbdf2bd354aa007f434fc4dc1aff?s=96&d=mm&r=g","width":96,"height":96,"caption":"eternos974"}},{"@type":"WebPage","@id":"https:\/\/eternos974.live\/index.php\/2026\/09\/01\/lintelligence-artificielle-entre-en-classe-de-seconde-en-2027-entre-revolution-pedagogique-et-debats-ethiques\/#webpage","url":"https:\/\/eternos974.live\/index.php\/2026\/09\/01\/lintelligence-artificielle-entre-en-classe-de-seconde-en-2027-entre-revolution-pedagogique-et-debats-ethiques\/","name":"L\u2019intelligence artificielle entre en classe de seconde en 2027 : entre r\u00e9volution p\u00e9dagogique et d\u00e9bats \u00e9thiques - L'EternoStation","description":"En 2027, l'IA entre en classe de seconde : objectifs p\u00e9dagogiques, enjeux \u00e9thiques et d\u00e9bats autour de la surexposition.","inLanguage":"fr-FR","isPartOf":{"@id":"https:\/\/eternos974.live\/#website"},"breadcrumb":{"@id":"https:\/\/eternos974.live\/index.php\/2026\/09\/01\/lintelligence-artificielle-entre-en-classe-de-seconde-en-2027-entre-revolution-pedagogique-et-debats-ethiques\/#breadcrumblist"},"author":{"@id":"https:\/\/eternos974.live\/index.php\/author\/eternos974\/#author"},"creator":{"@id":"https:\/\/eternos974.live\/index.php\/author\/eternos974\/#author"},"image":{"@type":"ImageObject","url":"https:\/\/i0.wp.com\/eternos974.live\/wp-content\/uploads\/2026\/08\/IA-eleves-de-seconde-1280x853-1.jpg?fit=1280%2C853&ssl=1","@id":"https:\/\/eternos974.live\/index.php\/2026\/09\/01\/lintelligence-artificielle-entre-en-classe-de-seconde-en-2027-entre-revolution-pedagogique-et-debats-ethiques\/#mainImage","width":1280,"height":853},"primaryImageOfPage":{"@id":"https:\/\/eternos974.live\/index.php\/2026\/09\/01\/lintelligence-artificielle-entre-en-classe-de-seconde-en-2027-entre-revolution-pedagogique-et-debats-ethiques\/#mainImage"},"datePublished":"2026-09-01T15:25:00+04:00","dateModified":"2026-08-31T22:58:03+04:00"},{"@type":"WebSite","@id":"https:\/\/eternos974.live\/#website","url":"https:\/\/eternos974.live\/","name":"L'EternoStation","description":"LIVE, CHILL & FUN","inLanguage":"fr-FR","publisher":{"@id":"https:\/\/eternos974.live\/#organization"}}]},"og:locale":"fr_FR","og:site_name":"L'EternoStation - LIVE, CHILL &amp; FUN","og:type":"article","og:title":"L\u2019intelligence artificielle entre en classe de seconde en 2027 : entre r\u00e9volution p\u00e9dagogique et d\u00e9bats \u00e9thiques - L'EternoStation","og:description":"En 2027, l'IA entre en classe de seconde : objectifs p\u00e9dagogiques, enjeux \u00e9thiques et d\u00e9bats autour de la surexposition.","og:url":"https:\/\/eternos974.live\/index.php\/2026\/09\/01\/lintelligence-artificielle-entre-en-classe-de-seconde-en-2027-entre-revolution-pedagogique-et-debats-ethiques\/","article:published_time":"2026-09-01T11:25:00+00:00","article:modified_time":"2026-08-31T18:58:03+00:00","twitter:card":"summary_large_image","twitter:title":"L\u2019intelligence artificielle entre en classe de seconde en 2027 : entre r\u00e9volution p\u00e9dagogique et d\u00e9bats \u00e9thiques - L'EternoStation","twitter:description":"En 2027, l'IA entre en classe de seconde : objectifs p\u00e9dagogiques, enjeux \u00e9thiques et d\u00e9bats autour de la surexposition."},"aioseo_meta_data":{"post_id":"20292","title":null,"description":null,"keywords":null,"keyphrases":null,"primary_term":null,"canonical_url":null,"og_title":null,"og_description":null,"og_object_type":"default","og_image_type":"default","og_image_url":null,"og_image_width":null,"og_image_height":null,"og_image_custom_url":null,"og_image_custom_fields":null,"og_video":null,"og_custom_url":null,"og_article_section":null,"og_article_tags":null,"twitter_use_og":false,"twitter_card":"default","twitter_image_type":"default","twitter_image_url":null,"twitter_image_custom_url":null,"twitter_image_custom_fields":null,"twitter_title":null,"twitter_description":null,"schema":{"blockGraphs":[],"customGraphs":[],"default":{"data":{"Article":[],"Course":[],"Dataset":[],"FAQPage":[],"Movie":[],"Person":[],"Product":[],"ProductReview":[],"Car":[],"Recipe":[],"Service":[],"SoftwareApplication":[],"WebPage":[]},"graphName":"","isEnabled":true},"graphs":[]},"schema_type":"default","schema_type_options":null,"pillar_content":false,"robots_default":true,"robots_noindex":false,"robots_noarchive":false,"robots_nosnippet":false,"robots_nofollow":false,"robots_noimageindex":false,"robots_noodp":false,"robots_notranslate":false,"robots_max_snippet":null,"robots_max_videopreview":null,"robots_max_imagepreview":"large","priority":null,"frequency":null,"local_seo":null,"breadcrumb_settings":null,"limit_modified_date":false,"ai":null,"created":"2026-09-01 11:27:45","updated":"2026-09-01 11:27:45","seo_analyzer_scan_date":null,"focus_keyword":null,"additional_keywords":null,"truseo_locale":null},"aioseo_breadcrumb":"<div class=\"aioseo-breadcrumbs\"><span class=\"aioseo-breadcrumb\">\n\t\t\t<a href=\"https:\/\/eternos974.live\" title=\"Domicile\">Domicile<\/a>\n\t\t<\/span><span class=\"aioseo-breadcrumb-separator\">&raquo;<\/span><span class=\"aioseo-breadcrumb\">\n\t\t\t<a href=\"https:\/\/eternos974.live\/index.php\/category\/infos\/\" title=\"infos\">infos<\/a>\n\t\t<\/span><span class=\"aioseo-breadcrumb-separator\">&raquo;<\/span><span class=\"aioseo-breadcrumb\">\n\t\t\tL\u2019intelligence artificielle entre en classe de seconde en 2027 : entre r\u00e9volution p\u00e9dagogique et d\u00e9bats \u00e9thiques\n\t\t<\/span><\/div>","aioseo_breadcrumb_json":[{"label":"Domicile","link":"https:\/\/eternos974.live"},{"label":"infos","link":"https:\/\/eternos974.live\/index.php\/category\/infos\/"},{"label":"L&rsquo;intelligence artificielle entre en classe de seconde en 2027 : entre r\u00e9volution p\u00e9dagogique et d\u00e9bats \u00e9thiques","link":"https:\/\/eternos974.live\/index.php\/2026\/09\/01\/lintelligence-artificielle-entre-en-classe-de-seconde-en-2027-entre-revolution-pedagogique-et-debats-ethiques\/"}],"jetpack_featured_media_url":"https:\/\/i0.wp.com\/eternos974.live\/wp-content\/uploads\/2026\/08\/IA-eleves-de-seconde-1280x853-1.jpg?fit=1280%2C853&ssl=1","jetpack-related-posts":[],"jetpack_sharing_enabled":true,"_links":{"self":[{"href":"https:\/\/eternos974.live\/index.php\/wp-json\/wp\/v2\/posts\/20292","targetHints":{"allow":["GET"]}}],"collection":[{"href":"https:\/\/eternos974.live\/index.php\/wp-json\/wp\/v2\/posts"}],"about":[{"href":"https:\/\/eternos974.live\/index.php\/wp-json\/wp\/v2\/types\/post"}],"author":[{"embeddable":true,"href":"https:\/\/eternos974.live\/index.php\/wp-json\/wp\/v2\/users\/1"}],"replies":[{"embeddable":true,"href":"https:\/\/eternos974.live\/index.php\/wp-json\/wp\/v2\/comments?post=20292"}],"version-history":[{"count":1,"href":"https:\/\/eternos974.live\/index.php\/wp-json\/wp\/v2\/posts\/20292\/revisions"}],"predecessor-version":[{"id":20294,"href":"https:\/\/eternos974.live\/index.php\/wp-json\/wp\/v2\/posts\/20292\/revisions\/20294"}],"wp:featuredmedia":[{"embeddable":true,"href":"https:\/\/eternos974.live\/index.php\/wp-json\/wp\/v2\/media\/20293"}],"wp:attachment":[{"href":"https:\/\/eternos974.live\/index.php\/wp-json\/wp\/v2\/media?parent=20292"}],"wp:term":[{"taxonomy":"category","embeddable":true,"href":"https:\/\/eternos974.live\/index.php\/wp-json\/wp\/v2\/categories?post=20292"},{"taxonomy":"post_tag","embeddable":true,"href":"https:\/\/eternos974.live\/index.php\/wp-json\/wp\/v2\/tags?post=20292"}],"curies":[{"name":"wp","href":"https:\/\/api.w.org\/{rel}","templated":true}]}}