{"id":20383,"date":"2026-09-04T15:16:00","date_gmt":"2026-09-04T11:16:00","guid":{"rendered":"https:\/\/eternos974.live\/?p=20383"},"modified":"2026-09-04T01:50:42","modified_gmt":"2026-09-03T21:50:42","slug":"tempetes-solaires-intermediaires-une-frequence-de-200-ans-revelee-par-les-cernes-darbres","status":"publish","type":"post","link":"https:\/\/eternos974.live\/index.php\/2026\/09\/04\/tempetes-solaires-intermediaires-une-frequence-de-200-ans-revelee-par-les-cernes-darbres\/","title":{"rendered":"Temp\u00eates solaires interm\u00e9diaires : une fr\u00e9quence de 200 ans r\u00e9v\u00e9l\u00e9e par les cernes d&rsquo;arbres"},"content":{"rendered":"<p>Imaginez un instant que le Soleil, notre \u00e9toile bienveillante, puisse un jour devenir une menace invisible pour nos r\u00e9seaux \u00e9lectriques, nos satellites et m\u00eame nos smartphones. C\u2019est pr\u00e9cis\u00e9ment ce que sugg\u00e8re une \u00e9tude r\u00e9cente publi\u00e9e dans <em>Communications Earth &#038; Environment<\/em>, qui a analys\u00e9 des cernes d\u2019arbres europ\u00e9ens datant de 2 000 ans. Ces arbres, bien que silencieux, ont enregistr\u00e9 des pics de carbone 14 qui pourraient indiquer des temp\u00eates solaires interm\u00e9diaires survenant environ tous les 200 ans. Une fr\u00e9quence bien plus \u00e9lev\u00e9e que ce que l\u2019on croyait jusqu\u2019\u00e0 pr\u00e9sent.<\/p>\n<p>Les scientifiques ont identifi\u00e9 quatre \u00e9pisodes de forte augmentation du carbone 14, dat\u00e9s de 14, 553, 675 et 954. Ces pics, similaires aux fameux \u00e9v\u00e9nements de Miyake (comme celui de 774-775), restent cependant myst\u00e9rieux. Bien que ces \u00e9v\u00e9nements soient g\u00e9n\u00e9ralement associ\u00e9s \u00e0 des temp\u00eates solaires extr\u00eames, les chercheurs soulignent que leur origine exacte n\u2019est pas encore enti\u00e8rement confirm\u00e9e. Le carbone 14, produit par les particules \u00e9nerg\u00e9tiques du Soleil, est enregistr\u00e9 dans les cernes d\u2019arbres, agissant comme un journal historique de l\u2019activit\u00e9 solaire. Cependant, ces pics ne signifient pas n\u00e9cessairement des pannes \u00e9lectriques imm\u00e9diates, mais plut\u00f4t une augmentation de particules \u00e9nerg\u00e9tiques dans l\u2019atmosph\u00e8re.<\/p>\n<p>Le cas de 1859, connu sous le nom de <em>Cas Carrington<\/em>, offre un aper\u00e7u des risques potentiels. Cette temp\u00eate solaire a perturb\u00e9 les t\u00e9l\u00e9graphes et provoqu\u00e9 des aurores visibles \u00e0 des latitudes inhabituelles. Aujourd\u2019hui, un \u00e9v\u00e9nement similaire pourrait causer des dommages \u00e9conomiques massifs : pannes de r\u00e9seaux \u00e9lectriques, d\u00e9faillances de satellites, perturbations des syst\u00e8mes de navigation. Les infrastructures modernes, si d\u00e9pendantes des technologies spatiales, sont particuli\u00e8rement vuln\u00e9rables. Une \u00e9tude estimait m\u00eame que l\u2019impact d\u2019un \u00e9v\u00e9nement comparable \u00e0 Carrington pourrait co\u00fbter des milliers de milliards de dollars.<\/p>\n<p>Cependant, les chercheurs restent prudents. Les quatre \u00e9v\u00e9nements identifi\u00e9s ne constituent que des <em>candidats<\/em> et n\u00e9cessitent des confirmations suppl\u00e9mentaires. Les scientifiques souhaitent croiser les donn\u00e9es du carbone 14 avec d\u2019autres isotopes, comme le b\u00e9ryllium 10 ou le chlore 36, retrouv\u00e9s dans les glaces. Ces archives ind\u00e9pendantes permettront de mieux comprendre si ces pics correspondent bien \u00e0 des temp\u00eates solaires interm\u00e9diaires. En attendant, cette d\u00e9couverte rappelle que notre connaissance des ph\u00e9nom\u00e8nes spatiaux est encore incompl\u00e8te. Et si les arbres nous avaient cach\u00e9 une partie de l\u2019histoire du Soleil ?<\/p>\n<h2>Sources<\/h2>\n<ul>\n<li><a href=\"https:\/\/www.journaldugeek.com\/2026\/09\/03\/une-tempete-solaire-10-fois-plus-puissante-que-celle-qui-a-paralyse-la-terre-en-1859-pourrait-frapper-bien-plus-souvent-quon-ne-limaginait\/\" target=\"_blank\" rel=\"nofollow noopener\">Source 1<\/a><\/li>\n<\/ul>\n<p>\u00c0 tr\u00e8s vite sur <a href=\"https:\/\/eternos974.live\" target=\"_blank\" rel=\"noopener\"><strong>l\u2019EternoStation<\/strong><\/a>.<\/p>\n","protected":false},"excerpt":{"rendered":"<p>D\u00e9couvrez comment les cernes d&rsquo;arbres ont r\u00e9v\u00e9l\u00e9 des temp\u00eates solaires interm\u00e9diaires r\u00e9currentes tous les 200 ans et leurs risques pour les infrastructures modernes.<\/p>\n","protected":false},"author":1,"featured_media":20384,"comment_status":"open","ping_status":"open","sticky":false,"template":"","format":"standard","meta":{"_monsterinsights_skip_tracking":false,"cybocfi_hide_featured_image":"","_jetpack_newsletter_access":"","_jetpack_dont_email_post_to_subs":false,"_jetpack_newsletter_tier_id":0,"_jetpack_memberships_contains_paywalled_content":false,"_jetpack_feature_clip_id":0,"_jetpack_memberships_contains_paid_content":false,"footnotes":"","jetpack_post_was_ever_published":false},"categories":[393],"tags":[],"class_list":["post-20383","post","type-post","status-publish","format-standard","has-post-thumbnail","hentry","category-infos"],"aioseo_notices":[],"aioseo_head":"\n\t\t<!-- All in One SEO 5.0.0.1 - aioseo.com -->\n\t<meta name=\"description\" content=\"D\u00e9couvrez comment les cernes d&#039;arbres ont r\u00e9v\u00e9l\u00e9 des temp\u00eates solaires interm\u00e9diaires r\u00e9currentes tous les 200 ans et leurs risques pour les infrastructures modernes.\" \/>\n\t<meta name=\"robots\" content=\"max-image-preview:large\" \/>\n\t<meta name=\"author\" content=\"eternos974\"\/>\n\t<link rel=\"canonical\" href=\"https:\/\/eternos974.live\/index.php\/2026\/09\/04\/tempetes-solaires-intermediaires-une-frequence-de-200-ans-revelee-par-les-cernes-darbres\/\" \/>\n\t<meta name=\"generator\" content=\"All in One SEO (AIOSEO) 5.0.0.1\" \/>\n\t\t<meta property=\"og:locale\" content=\"fr_FR\" \/>\n\t\t<meta property=\"og:site_name\" content=\"L&#039;EternoStation - LIVE, CHILL &amp; FUN\" \/>\n\t\t<meta property=\"og:type\" content=\"article\" \/>\n\t\t<meta property=\"og:title\" content=\"Temp\u00eates solaires interm\u00e9diaires : une fr\u00e9quence de 200 ans r\u00e9v\u00e9l\u00e9e par les cernes d\u2019arbres - L&#039;EternoStation\" \/>\n\t\t<meta property=\"og:description\" content=\"D\u00e9couvrez comment les cernes d&#039;arbres ont r\u00e9v\u00e9l\u00e9 des temp\u00eates solaires interm\u00e9diaires r\u00e9currentes tous les 200 ans et leurs risques pour les infrastructures modernes.\" \/>\n\t\t<meta property=\"og:url\" content=\"https:\/\/eternos974.live\/index.php\/2026\/09\/04\/tempetes-solaires-intermediaires-une-frequence-de-200-ans-revelee-par-les-cernes-darbres\/\" \/>\n\t\t<meta property=\"article:published_time\" content=\"2026-09-04T11:16:00+00:00\" \/>\n\t\t<meta property=\"article:modified_time\" content=\"2026-09-03T21:50:42+00:00\" \/>\n\t\t<meta name=\"twitter:card\" content=\"summary_large_image\" \/>\n\t\t<meta name=\"twitter:title\" content=\"Temp\u00eates solaires interm\u00e9diaires : une fr\u00e9quence de 200 ans r\u00e9v\u00e9l\u00e9e par les cernes d\u2019arbres - L&#039;EternoStation\" \/>\n\t\t<meta name=\"twitter:description\" content=\"D\u00e9couvrez comment les cernes d&#039;arbres ont r\u00e9v\u00e9l\u00e9 des temp\u00eates solaires interm\u00e9diaires r\u00e9currentes tous les 200 ans et leurs risques pour les infrastructures modernes.\" \/>\n\t\t<script type=\"application\/ld+json\" class=\"aioseo-schema\">\n\t\t\t{\"@context\":\"https:\\\/\\\/schema.org\",\"@graph\":[{\"@type\":\"BlogPosting\",\"@id\":\"https:\\\/\\\/eternos974.live\\\/index.php\\\/2026\\\/09\\\/04\\\/tempetes-solaires-intermediaires-une-frequence-de-200-ans-revelee-par-les-cernes-darbres\\\/#blogposting\",\"name\":\"Temp\\u00eates solaires interm\\u00e9diaires : une fr\\u00e9quence de 200 ans r\\u00e9v\\u00e9l\\u00e9e par les cernes d\\u2019arbres - L'EternoStation\",\"headline\":\"Temp\\u00eates solaires interm\\u00e9diaires : une fr\\u00e9quence de 200 ans r\\u00e9v\\u00e9l\\u00e9e par les cernes d&rsquo;arbres\",\"author\":{\"@id\":\"https:\\\/\\\/eternos974.live\\\/index.php\\\/author\\\/eternos974\\\/#author\"},\"publisher\":{\"@id\":\"https:\\\/\\\/eternos974.live\\\/#organization\"},\"image\":{\"@type\":\"ImageObject\",\"url\":\"https:\\\/\\\/i0.wp.com\\\/eternos974.live\\\/wp-content\\\/uploads\\\/2026\\\/09\\\/eruption-solaire-aurore-boreale-cie-1280x853-1.jpeg?fit=1280%2C853&ssl=1\",\"width\":1280,\"height\":853},\"datePublished\":\"2026-09-04T15:16:00+04:00\",\"dateModified\":\"2026-09-04T01:50:42+04:00\",\"inLanguage\":\"fr-FR\",\"mainEntityOfPage\":{\"@id\":\"https:\\\/\\\/eternos974.live\\\/index.php\\\/2026\\\/09\\\/04\\\/tempetes-solaires-intermediaires-une-frequence-de-200-ans-revelee-par-les-cernes-darbres\\\/#webpage\"},\"isPartOf\":{\"@id\":\"https:\\\/\\\/eternos974.live\\\/index.php\\\/2026\\\/09\\\/04\\\/tempetes-solaires-intermediaires-une-frequence-de-200-ans-revelee-par-les-cernes-darbres\\\/#webpage\"},\"articleSection\":\"infos\"},{\"@type\":\"BreadcrumbList\",\"@id\":\"https:\\\/\\\/eternos974.live\\\/index.php\\\/2026\\\/09\\\/04\\\/tempetes-solaires-intermediaires-une-frequence-de-200-ans-revelee-par-les-cernes-darbres\\\/#breadcrumblist\",\"itemListElement\":[{\"@type\":\"ListItem\",\"@id\":\"https:\\\/\\\/eternos974.live#listItem\",\"position\":1,\"name\":\"Domicile\",\"item\":\"https:\\\/\\\/eternos974.live\",\"nextItem\":{\"@type\":\"ListItem\",\"@id\":\"https:\\\/\\\/eternos974.live\\\/index.php\\\/category\\\/infos\\\/#listItem\",\"name\":\"infos\"}},{\"@type\":\"ListItem\",\"@id\":\"https:\\\/\\\/eternos974.live\\\/index.php\\\/category\\\/infos\\\/#listItem\",\"position\":2,\"name\":\"infos\",\"item\":\"https:\\\/\\\/eternos974.live\\\/index.php\\\/category\\\/infos\\\/\",\"nextItem\":{\"@type\":\"ListItem\",\"@id\":\"https:\\\/\\\/eternos974.live\\\/index.php\\\/2026\\\/09\\\/04\\\/tempetes-solaires-intermediaires-une-frequence-de-200-ans-revelee-par-les-cernes-darbres\\\/#listItem\",\"name\":\"Temp\\u00eates solaires interm\\u00e9diaires : une fr\\u00e9quence de 200 ans r\\u00e9v\\u00e9l\\u00e9e par les cernes d&rsquo;arbres\"},\"previousItem\":{\"@type\":\"ListItem\",\"@id\":\"https:\\\/\\\/eternos974.live#listItem\",\"name\":\"Domicile\"}},{\"@type\":\"ListItem\",\"@id\":\"https:\\\/\\\/eternos974.live\\\/index.php\\\/2026\\\/09\\\/04\\\/tempetes-solaires-intermediaires-une-frequence-de-200-ans-revelee-par-les-cernes-darbres\\\/#listItem\",\"position\":3,\"name\":\"Temp\\u00eates solaires interm\\u00e9diaires : une fr\\u00e9quence de 200 ans r\\u00e9v\\u00e9l\\u00e9e par les cernes d&rsquo;arbres\",\"previousItem\":{\"@type\":\"ListItem\",\"@id\":\"https:\\\/\\\/eternos974.live\\\/index.php\\\/category\\\/infos\\\/#listItem\",\"name\":\"infos\"}}]},{\"@type\":\"Organization\",\"@id\":\"https:\\\/\\\/eternos974.live\\\/#organization\",\"name\":\"L'EternoStation\",\"description\":\"LIVE, CHILL & FUN\",\"url\":\"https:\\\/\\\/eternos974.live\\\/\"},{\"@type\":\"Person\",\"@id\":\"https:\\\/\\\/eternos974.live\\\/index.php\\\/author\\\/eternos974\\\/#author\",\"url\":\"https:\\\/\\\/eternos974.live\\\/index.php\\\/author\\\/eternos974\\\/\",\"name\":\"eternos974\",\"image\":{\"@type\":\"ImageObject\",\"@id\":\"https:\\\/\\\/eternos974.live\\\/index.php\\\/2026\\\/09\\\/04\\\/tempetes-solaires-intermediaires-une-frequence-de-200-ans-revelee-par-les-cernes-darbres\\\/#authorImage\",\"url\":\"https:\\\/\\\/secure.gravatar.com\\\/avatar\\\/f7141af684a779babd9913ea86616250a147cbdf2bd354aa007f434fc4dc1aff?s=96&d=mm&r=g\",\"width\":96,\"height\":96,\"caption\":\"eternos974\"}},{\"@type\":\"WebPage\",\"@id\":\"https:\\\/\\\/eternos974.live\\\/index.php\\\/2026\\\/09\\\/04\\\/tempetes-solaires-intermediaires-une-frequence-de-200-ans-revelee-par-les-cernes-darbres\\\/#webpage\",\"url\":\"https:\\\/\\\/eternos974.live\\\/index.php\\\/2026\\\/09\\\/04\\\/tempetes-solaires-intermediaires-une-frequence-de-200-ans-revelee-par-les-cernes-darbres\\\/\",\"name\":\"Temp\\u00eates solaires interm\\u00e9diaires : une fr\\u00e9quence de 200 ans r\\u00e9v\\u00e9l\\u00e9e par les cernes d\\u2019arbres - L'EternoStation\",\"description\":\"D\\u00e9couvrez comment les cernes d'arbres ont r\\u00e9v\\u00e9l\\u00e9 des temp\\u00eates solaires interm\\u00e9diaires r\\u00e9currentes tous les 200 ans et leurs risques pour les infrastructures modernes.\",\"inLanguage\":\"fr-FR\",\"isPartOf\":{\"@id\":\"https:\\\/\\\/eternos974.live\\\/#website\"},\"breadcrumb\":{\"@id\":\"https:\\\/\\\/eternos974.live\\\/index.php\\\/2026\\\/09\\\/04\\\/tempetes-solaires-intermediaires-une-frequence-de-200-ans-revelee-par-les-cernes-darbres\\\/#breadcrumblist\"},\"author\":{\"@id\":\"https:\\\/\\\/eternos974.live\\\/index.php\\\/author\\\/eternos974\\\/#author\"},\"creator\":{\"@id\":\"https:\\\/\\\/eternos974.live\\\/index.php\\\/author\\\/eternos974\\\/#author\"},\"image\":{\"@type\":\"ImageObject\",\"url\":\"https:\\\/\\\/i0.wp.com\\\/eternos974.live\\\/wp-content\\\/uploads\\\/2026\\\/09\\\/eruption-solaire-aurore-boreale-cie-1280x853-1.jpeg?fit=1280%2C853&ssl=1\",\"@id\":\"https:\\\/\\\/eternos974.live\\\/index.php\\\/2026\\\/09\\\/04\\\/tempetes-solaires-intermediaires-une-frequence-de-200-ans-revelee-par-les-cernes-darbres\\\/#mainImage\",\"width\":1280,\"height\":853},\"primaryImageOfPage\":{\"@id\":\"https:\\\/\\\/eternos974.live\\\/index.php\\\/2026\\\/09\\\/04\\\/tempetes-solaires-intermediaires-une-frequence-de-200-ans-revelee-par-les-cernes-darbres\\\/#mainImage\"},\"datePublished\":\"2026-09-04T15:16:00+04:00\",\"dateModified\":\"2026-09-04T01:50:42+04:00\"},{\"@type\":\"WebSite\",\"@id\":\"https:\\\/\\\/eternos974.live\\\/#website\",\"url\":\"https:\\\/\\\/eternos974.live\\\/\",\"name\":\"L'EternoStation\",\"description\":\"LIVE, CHILL & FUN\",\"inLanguage\":\"fr-FR\",\"publisher\":{\"@id\":\"https:\\\/\\\/eternos974.live\\\/#organization\"}}]}\n\t\t<\/script>\n\t\t<!-- All in One SEO -->\n\n","aioseo_head_json":{"title":"Temp\u00eates solaires interm\u00e9diaires : une fr\u00e9quence de 200 ans r\u00e9v\u00e9l\u00e9e par les cernes d\u2019arbres - L'EternoStation","description":"D\u00e9couvrez comment les cernes d'arbres ont r\u00e9v\u00e9l\u00e9 des temp\u00eates solaires interm\u00e9diaires r\u00e9currentes tous les 200 ans et leurs risques pour les infrastructures modernes.","canonical_url":"https:\/\/eternos974.live\/index.php\/2026\/09\/04\/tempetes-solaires-intermediaires-une-frequence-de-200-ans-revelee-par-les-cernes-darbres\/","robots":"max-image-preview:large","keywords":"","webmasterTools":{"miscellaneous":""},"schema":{"@context":"https:\/\/schema.org","@graph":[{"@type":"BlogPosting","@id":"https:\/\/eternos974.live\/index.php\/2026\/09\/04\/tempetes-solaires-intermediaires-une-frequence-de-200-ans-revelee-par-les-cernes-darbres\/#blogposting","name":"Temp\u00eates solaires interm\u00e9diaires : une fr\u00e9quence de 200 ans r\u00e9v\u00e9l\u00e9e par les cernes d\u2019arbres - L'EternoStation","headline":"Temp\u00eates solaires interm\u00e9diaires : une fr\u00e9quence de 200 ans r\u00e9v\u00e9l\u00e9e par les cernes d&rsquo;arbres","author":{"@id":"https:\/\/eternos974.live\/index.php\/author\/eternos974\/#author"},"publisher":{"@id":"https:\/\/eternos974.live\/#organization"},"image":{"@type":"ImageObject","url":"https:\/\/i0.wp.com\/eternos974.live\/wp-content\/uploads\/2026\/09\/eruption-solaire-aurore-boreale-cie-1280x853-1.jpeg?fit=1280%2C853&ssl=1","width":1280,"height":853},"datePublished":"2026-09-04T15:16:00+04:00","dateModified":"2026-09-04T01:50:42+04:00","inLanguage":"fr-FR","mainEntityOfPage":{"@id":"https:\/\/eternos974.live\/index.php\/2026\/09\/04\/tempetes-solaires-intermediaires-une-frequence-de-200-ans-revelee-par-les-cernes-darbres\/#webpage"},"isPartOf":{"@id":"https:\/\/eternos974.live\/index.php\/2026\/09\/04\/tempetes-solaires-intermediaires-une-frequence-de-200-ans-revelee-par-les-cernes-darbres\/#webpage"},"articleSection":"infos"},{"@type":"BreadcrumbList","@id":"https:\/\/eternos974.live\/index.php\/2026\/09\/04\/tempetes-solaires-intermediaires-une-frequence-de-200-ans-revelee-par-les-cernes-darbres\/#breadcrumblist","itemListElement":[{"@type":"ListItem","@id":"https:\/\/eternos974.live#listItem","position":1,"name":"Domicile","item":"https:\/\/eternos974.live","nextItem":{"@type":"ListItem","@id":"https:\/\/eternos974.live\/index.php\/category\/infos\/#listItem","name":"infos"}},{"@type":"ListItem","@id":"https:\/\/eternos974.live\/index.php\/category\/infos\/#listItem","position":2,"name":"infos","item":"https:\/\/eternos974.live\/index.php\/category\/infos\/","nextItem":{"@type":"ListItem","@id":"https:\/\/eternos974.live\/index.php\/2026\/09\/04\/tempetes-solaires-intermediaires-une-frequence-de-200-ans-revelee-par-les-cernes-darbres\/#listItem","name":"Temp\u00eates solaires interm\u00e9diaires : une fr\u00e9quence de 200 ans r\u00e9v\u00e9l\u00e9e par les cernes d&rsquo;arbres"},"previousItem":{"@type":"ListItem","@id":"https:\/\/eternos974.live#listItem","name":"Domicile"}},{"@type":"ListItem","@id":"https:\/\/eternos974.live\/index.php\/2026\/09\/04\/tempetes-solaires-intermediaires-une-frequence-de-200-ans-revelee-par-les-cernes-darbres\/#listItem","position":3,"name":"Temp\u00eates solaires interm\u00e9diaires : une fr\u00e9quence de 200 ans r\u00e9v\u00e9l\u00e9e par les cernes d&rsquo;arbres","previousItem":{"@type":"ListItem","@id":"https:\/\/eternos974.live\/index.php\/category\/infos\/#listItem","name":"infos"}}]},{"@type":"Organization","@id":"https:\/\/eternos974.live\/#organization","name":"L'EternoStation","description":"LIVE, CHILL & FUN","url":"https:\/\/eternos974.live\/"},{"@type":"Person","@id":"https:\/\/eternos974.live\/index.php\/author\/eternos974\/#author","url":"https:\/\/eternos974.live\/index.php\/author\/eternos974\/","name":"eternos974","image":{"@type":"ImageObject","@id":"https:\/\/eternos974.live\/index.php\/2026\/09\/04\/tempetes-solaires-intermediaires-une-frequence-de-200-ans-revelee-par-les-cernes-darbres\/#authorImage","url":"https:\/\/secure.gravatar.com\/avatar\/f7141af684a779babd9913ea86616250a147cbdf2bd354aa007f434fc4dc1aff?s=96&d=mm&r=g","width":96,"height":96,"caption":"eternos974"}},{"@type":"WebPage","@id":"https:\/\/eternos974.live\/index.php\/2026\/09\/04\/tempetes-solaires-intermediaires-une-frequence-de-200-ans-revelee-par-les-cernes-darbres\/#webpage","url":"https:\/\/eternos974.live\/index.php\/2026\/09\/04\/tempetes-solaires-intermediaires-une-frequence-de-200-ans-revelee-par-les-cernes-darbres\/","name":"Temp\u00eates solaires interm\u00e9diaires : une fr\u00e9quence de 200 ans r\u00e9v\u00e9l\u00e9e par les cernes d\u2019arbres - L'EternoStation","description":"D\u00e9couvrez comment les cernes d'arbres ont r\u00e9v\u00e9l\u00e9 des temp\u00eates solaires interm\u00e9diaires r\u00e9currentes tous les 200 ans et leurs risques pour les infrastructures modernes.","inLanguage":"fr-FR","isPartOf":{"@id":"https:\/\/eternos974.live\/#website"},"breadcrumb":{"@id":"https:\/\/eternos974.live\/index.php\/2026\/09\/04\/tempetes-solaires-intermediaires-une-frequence-de-200-ans-revelee-par-les-cernes-darbres\/#breadcrumblist"},"author":{"@id":"https:\/\/eternos974.live\/index.php\/author\/eternos974\/#author"},"creator":{"@id":"https:\/\/eternos974.live\/index.php\/author\/eternos974\/#author"},"image":{"@type":"ImageObject","url":"https:\/\/i0.wp.com\/eternos974.live\/wp-content\/uploads\/2026\/09\/eruption-solaire-aurore-boreale-cie-1280x853-1.jpeg?fit=1280%2C853&ssl=1","@id":"https:\/\/eternos974.live\/index.php\/2026\/09\/04\/tempetes-solaires-intermediaires-une-frequence-de-200-ans-revelee-par-les-cernes-darbres\/#mainImage","width":1280,"height":853},"primaryImageOfPage":{"@id":"https:\/\/eternos974.live\/index.php\/2026\/09\/04\/tempetes-solaires-intermediaires-une-frequence-de-200-ans-revelee-par-les-cernes-darbres\/#mainImage"},"datePublished":"2026-09-04T15:16:00+04:00","dateModified":"2026-09-04T01:50:42+04:00"},{"@type":"WebSite","@id":"https:\/\/eternos974.live\/#website","url":"https:\/\/eternos974.live\/","name":"L'EternoStation","description":"LIVE, CHILL & FUN","inLanguage":"fr-FR","publisher":{"@id":"https:\/\/eternos974.live\/#organization"}}]},"og:locale":"fr_FR","og:site_name":"L'EternoStation - LIVE, CHILL &amp; FUN","og:type":"article","og:title":"Temp\u00eates solaires interm\u00e9diaires : une fr\u00e9quence de 200 ans r\u00e9v\u00e9l\u00e9e par les cernes d\u2019arbres - L'EternoStation","og:description":"D\u00e9couvrez comment les cernes d'arbres ont r\u00e9v\u00e9l\u00e9 des temp\u00eates solaires interm\u00e9diaires r\u00e9currentes tous les 200 ans et leurs risques pour les infrastructures modernes.","og:url":"https:\/\/eternos974.live\/index.php\/2026\/09\/04\/tempetes-solaires-intermediaires-une-frequence-de-200-ans-revelee-par-les-cernes-darbres\/","article:published_time":"2026-09-04T11:16:00+00:00","article:modified_time":"2026-09-03T21:50:42+00:00","twitter:card":"summary_large_image","twitter:title":"Temp\u00eates solaires interm\u00e9diaires : une fr\u00e9quence de 200 ans r\u00e9v\u00e9l\u00e9e par les cernes d\u2019arbres - L'EternoStation","twitter:description":"D\u00e9couvrez comment les cernes d'arbres ont r\u00e9v\u00e9l\u00e9 des temp\u00eates solaires interm\u00e9diaires r\u00e9currentes tous les 200 ans et leurs risques pour les infrastructures modernes."},"aioseo_meta_data":{"post_id":"20383","title":null,"description":null,"keywords":null,"keyphrases":null,"primary_term":null,"canonical_url":null,"og_title":null,"og_description":null,"og_object_type":"default","og_image_type":"default","og_image_url":null,"og_image_width":null,"og_image_height":null,"og_image_custom_url":null,"og_image_custom_fields":null,"og_video":null,"og_custom_url":null,"og_article_section":null,"og_article_tags":null,"twitter_use_og":false,"twitter_card":"default","twitter_image_type":"default","twitter_image_url":null,"twitter_image_custom_url":null,"twitter_image_custom_fields":null,"twitter_title":null,"twitter_description":null,"schema":{"blockGraphs":[],"customGraphs":[],"default":{"data":{"Article":[],"Course":[],"Dataset":[],"FAQPage":[],"Movie":[],"Person":[],"Product":[],"ProductReview":[],"Car":[],"Recipe":[],"Service":[],"SoftwareApplication":[],"WebPage":[]},"graphName":"WebPage","isEnabled":true},"graphs":[]},"schema_type":"default","schema_type_options":null,"pillar_content":false,"robots_default":true,"robots_noindex":false,"robots_noarchive":false,"robots_nosnippet":false,"robots_nofollow":false,"robots_noimageindex":false,"robots_noodp":false,"robots_notranslate":false,"robots_max_snippet":null,"robots_max_videopreview":null,"robots_max_imagepreview":"large","priority":null,"frequency":null,"local_seo":null,"breadcrumb_settings":null,"limit_modified_date":false,"ai":null,"created":"2026-09-04 11:22:28","updated":"2026-09-04 11:22:28","seo_analyzer_scan_date":null,"focus_keyword":null,"additional_keywords":null,"truseo_locale":null},"aioseo_breadcrumb":"<div class=\"aioseo-breadcrumbs\"><span class=\"aioseo-breadcrumb\">\n\t\t\t<a href=\"https:\/\/eternos974.live\" title=\"Domicile\">Domicile<\/a>\n\t\t<\/span><span class=\"aioseo-breadcrumb-separator\">&raquo;<\/span><span class=\"aioseo-breadcrumb\">\n\t\t\t<a href=\"https:\/\/eternos974.live\/index.php\/category\/infos\/\" title=\"infos\">infos<\/a>\n\t\t<\/span><span class=\"aioseo-breadcrumb-separator\">&raquo;<\/span><span class=\"aioseo-breadcrumb\">\n\t\t\tTemp\u00eates solaires interm\u00e9diaires : une fr\u00e9quence de 200 ans r\u00e9v\u00e9l\u00e9e par les cernes d\u2019arbres\n\t\t<\/span><\/div>","aioseo_breadcrumb_json":[{"label":"Domicile","link":"https:\/\/eternos974.live"},{"label":"infos","link":"https:\/\/eternos974.live\/index.php\/category\/infos\/"},{"label":"Temp\u00eates solaires interm\u00e9diaires : une fr\u00e9quence de 200 ans r\u00e9v\u00e9l\u00e9e par les cernes d&rsquo;arbres","link":"https:\/\/eternos974.live\/index.php\/2026\/09\/04\/tempetes-solaires-intermediaires-une-frequence-de-200-ans-revelee-par-les-cernes-darbres\/"}],"jetpack_featured_media_url":"https:\/\/i0.wp.com\/eternos974.live\/wp-content\/uploads\/2026\/09\/eruption-solaire-aurore-boreale-cie-1280x853-1.jpeg?fit=1280%2C853&ssl=1","jetpack-related-posts":[],"jetpack_sharing_enabled":true,"_links":{"self":[{"href":"https:\/\/eternos974.live\/index.php\/wp-json\/wp\/v2\/posts\/20383","targetHints":{"allow":["GET"]}}],"collection":[{"href":"https:\/\/eternos974.live\/index.php\/wp-json\/wp\/v2\/posts"}],"about":[{"href":"https:\/\/eternos974.live\/index.php\/wp-json\/wp\/v2\/types\/post"}],"author":[{"embeddable":true,"href":"https:\/\/eternos974.live\/index.php\/wp-json\/wp\/v2\/users\/1"}],"replies":[{"embeddable":true,"href":"https:\/\/eternos974.live\/index.php\/wp-json\/wp\/v2\/comments?post=20383"}],"version-history":[{"count":1,"href":"https:\/\/eternos974.live\/index.php\/wp-json\/wp\/v2\/posts\/20383\/revisions"}],"predecessor-version":[{"id":20385,"href":"https:\/\/eternos974.live\/index.php\/wp-json\/wp\/v2\/posts\/20383\/revisions\/20385"}],"wp:featuredmedia":[{"embeddable":true,"href":"https:\/\/eternos974.live\/index.php\/wp-json\/wp\/v2\/media\/20384"}],"wp:attachment":[{"href":"https:\/\/eternos974.live\/index.php\/wp-json\/wp\/v2\/media?parent=20383"}],"wp:term":[{"taxonomy":"category","embeddable":true,"href":"https:\/\/eternos974.live\/index.php\/wp-json\/wp\/v2\/categories?post=20383"},{"taxonomy":"post_tag","embeddable":true,"href":"https:\/\/eternos974.live\/index.php\/wp-json\/wp\/v2\/tags?post=20383"}],"curies":[{"name":"wp","href":"https:\/\/api.w.org\/{rel}","templated":true}]}}